{"id":9792,"date":"2025-06-13T12:15:25","date_gmt":"2025-06-13T10:15:25","guid":{"rendered":"https:\/\/cptafalla.educacion.navarra.es\/web\/?p=9792"},"modified":"2025-06-13T12:15:26","modified_gmt":"2025-06-13T10:15:26","slug":"comenzamos-la-exposicion-de-arte-de-2o-ciclo","status":"publish","type":"post","link":"https:\/\/cptafalla.educacion.navarra.es\/web\/2025\/06\/comenzamos-la-exposicion-de-arte-de-2o-ciclo\/","title":{"rendered":"COMENZAMOS LA EXPOSICI\u00d3N DE ARTE DE 2\u00ba CICLO"},"content":{"rendered":"\n<div>El alumnado de 3\u00ba y 4\u00ba de Primaria de modelos A\/G hemos comenzado nuestra exposici\u00f3n de arte. Hemos explicado en ingl\u00e9s todos los trabajos finales de pl\u00e1stica que hemos realizado a lo largo de todo el curso a diferentes clases de nuestro colegio. Los chicos y chicas de 3\u00ba hemos trabajado el arte en la Prehistoria, el arte en Egipto, en Grecia y en Roma. Y el alumnado de 4\u00ba hemos trabajado el arte Medieval, el Renacimiento, el arte Moderno y el contempor\u00e1neo. Este trabajo se enmarca en el proyecto &#8220;Paseando por la historia del arte&#8221; que realizamos conjuntamente en el \u00e1rea de pl\u00e1stica y lectura en ingl\u00e9s.\u00a0<\/div>\n<div>Ha sido un placer poder ense\u00f1ar todo lo que nos hemos esforzado y que nos vean otros cursos, incluso nuestros hermanos\/as, primos\/as, etc. Ahora estamos deseando que el lunes 16 de junio vengan a vernos nuestros familiares. Os adelantamos que habr\u00e1 una sorpresa musical\u00a0\u00a0<img class=\"an1\" draggable=\"false\" src=\"https:\/\/fonts.gstatic.com\/s\/e\/notoemoji\/16.0\/1f3bc\/32.png\" alt=\"\ud83c\udfbc\" data-emoji=\"\ud83c\udfbc\" aria-label=\"\ud83c\udfbc\" \/>\u00a0<img class=\"an1\" draggable=\"false\" src=\"https:\/\/fonts.gstatic.com\/s\/e\/notoemoji\/16.0\/1f3b5\/32.png\" alt=\"\ud83c\udfb5\" data-emoji=\"\ud83c\udfb5\" aria-label=\"\ud83c\udfb5\" \/>\u00a0\u00a1Os va a\u00a0encantar!<\/div>\n<div>\u00a0<\/div>\n<div>A\/G ereduko Lehen Hezkuntzako 3. eta 4. mailako ikasleek gure arte-erakusketari ekin diogu. Ikasturte osoan zehar egin ditugun plastikako azken lan guztiak ingelesez azaldu ditugu gure ikastetxeko hainbat geletarako. 3. mailako neska-mutilok artea landu dugu historiaurrean, artea Egipton, Grezian eta Erroman. Eta 4. mailako ikasleok Erdi Aroko artea, Errenazimentua, arte Modernoa eta garaikidea landu ditugu. Lan hau ingelesezko plastikaren eta irakurketaren arloan elkarrekin egiten dugun &#8220;Paseando por la historia del arte&#8221; proiektuaren barruan kokatzen da.<br \/>Plazer handia izan da saiatu garen guztia erakutsi ahal izatea eta beste kurtso batzuek ikus gaitzaten, baita gure anai-arrebek, lehengusu-lehengusinek eta abarrek ere. Orain, ekainaren 16an, astelehena, gure senideak etor daitezen desiratzen gaude. Sorpresa musikal bat izango dela aurreratu nahi dizuegu.<\/div>\n<div>Izugarri gustatuko zaizue!<\/div>\n<div>\u00a0<\/div>\n<div><a href=\"https:\/\/cptafalla.educacion.navarra.es\/web\/wp-content\/uploads\/2025\/06\/IMG_20250610_104727.jpg\"><img loading=\"lazy\" class=\"alignnone size-thumbnail wp-image-9796\" src=\"https:\/\/cptafalla.educacion.navarra.es\/web\/wp-content\/uploads\/2025\/06\/IMG_20250610_104727-150x150.jpg\" alt=\"\" width=\"150\" height=\"150\" \/><\/a> <a href=\"https:\/\/cptafalla.educacion.navarra.es\/web\/wp-content\/uploads\/2025\/06\/IMG_20250610_123548.jpg\"><img loading=\"lazy\" class=\"alignnone size-thumbnail wp-image-9797\" src=\"https:\/\/cptafalla.educacion.navarra.es\/web\/wp-content\/uploads\/2025\/06\/IMG_20250610_123548-150x150.jpg\" alt=\"\" width=\"150\" height=\"150\" \/><\/a> <a href=\"https:\/\/cptafalla.educacion.navarra.es\/web\/wp-content\/uploads\/2025\/06\/IMG_20250610_125752.jpg\"><img loading=\"lazy\" class=\"alignnone size-thumbnail wp-image-9798\" src=\"https:\/\/cptafalla.educacion.navarra.es\/web\/wp-content\/uploads\/2025\/06\/IMG_20250610_125752-150x150.jpg\" alt=\"\" width=\"150\" height=\"150\" \/><\/a> <a href=\"https:\/\/cptafalla.educacion.navarra.es\/web\/wp-content\/uploads\/2025\/06\/IMG_20250610_125910-1.jpg\"><img loading=\"lazy\" class=\"alignnone size-thumbnail wp-image-9799\" src=\"https:\/\/cptafalla.educacion.navarra.es\/web\/wp-content\/uploads\/2025\/06\/IMG_20250610_125910-1-150x150.jpg\" alt=\"\" width=\"150\" height=\"150\" \/><\/a> <a href=\"https:\/\/cptafalla.educacion.navarra.es\/web\/wp-content\/uploads\/2025\/06\/IMG_20250610_130045.jpg\"><img loading=\"lazy\" class=\"alignnone size-thumbnail wp-image-9800\" src=\"https:\/\/cptafalla.educacion.navarra.es\/web\/wp-content\/uploads\/2025\/06\/IMG_20250610_130045-150x150.jpg\" alt=\"\" width=\"150\" height=\"150\" \/><\/a> <a href=\"https:\/\/cptafalla.educacion.navarra.es\/web\/wp-content\/uploads\/2025\/06\/IMG_20250612_092954.jpg\"><img loading=\"lazy\" class=\"alignnone size-thumbnail wp-image-9801\" src=\"https:\/\/cptafalla.educacion.navarra.es\/web\/wp-content\/uploads\/2025\/06\/IMG_20250612_092954-150x150.jpg\" alt=\"\" width=\"150\" height=\"150\" \/><\/a> <a href=\"https:\/\/cptafalla.educacion.navarra.es\/web\/wp-content\/uploads\/2025\/06\/IMG_20250612_093047.jpg\"><img loading=\"lazy\" class=\"alignnone size-thumbnail wp-image-9802\" src=\"https:\/\/cptafalla.educacion.navarra.es\/web\/wp-content\/uploads\/2025\/06\/IMG_20250612_093047-150x150.jpg\" alt=\"\" width=\"150\" height=\"150\" \/><\/a> <a href=\"https:\/\/cptafalla.educacion.navarra.es\/web\/wp-content\/uploads\/2025\/06\/IMG-20250612-WA0010-1.jpg\"><img loading=\"lazy\" class=\"alignnone size-thumbnail wp-image-9803\" src=\"https:\/\/cptafalla.educacion.navarra.es\/web\/wp-content\/uploads\/2025\/06\/IMG-20250612-WA0010-1-150x150.jpg\" alt=\"\" width=\"150\" height=\"150\" \/><\/a> <a href=\"https:\/\/cptafalla.educacion.navarra.es\/web\/wp-content\/uploads\/2025\/06\/IMG-20250612-WA0012-1.jpg\"><img loading=\"lazy\" class=\"alignnone size-thumbnail wp-image-9804\" src=\"https:\/\/cptafalla.educacion.navarra.es\/web\/wp-content\/uploads\/2025\/06\/IMG-20250612-WA0012-1-150x150.jpg\" alt=\"\" width=\"150\" height=\"150\" \/><\/a> <a href=\"https:\/\/cptafalla.educacion.navarra.es\/web\/wp-content\/uploads\/2025\/06\/IMG-20250612-WA0014-1.jpg\"><img loading=\"lazy\" class=\"alignnone size-thumbnail wp-image-9805\" src=\"https:\/\/cptafalla.educacion.navarra.es\/web\/wp-content\/uploads\/2025\/06\/IMG-20250612-WA0014-1-150x150.jpg\" alt=\"\" width=\"150\" height=\"150\" \/><\/a> <a href=\"https:\/\/cptafalla.educacion.navarra.es\/web\/wp-content\/uploads\/2025\/06\/IMG-20250612-WA0016-1.jpg\"><img loading=\"lazy\" class=\"alignnone size-thumbnail wp-image-9806\" src=\"https:\/\/cptafalla.educacion.navarra.es\/web\/wp-content\/uploads\/2025\/06\/IMG-20250612-WA0016-1-150x150.jpg\" alt=\"\" width=\"150\" height=\"150\" \/><\/a><\/div>\n","protected":false},"excerpt":{"rendered":"<p>El alumnado de 3\u00ba y 4\u00ba de Primaria de modelos A\/G hemos comenzado nuestra exposici\u00f3n de arte. Hemos explicado en ingl\u00e9s todos los trabajos finales de pl\u00e1stica que hemos realizado a lo largo de todo el curso a diferentes clases de nuestro colegio. Los chicos y chicas de 3\u00ba hemos trabajado el arte en la &hellip; <a href=\"https:\/\/cptafalla.educacion.navarra.es\/web\/2025\/06\/comenzamos-la-exposicion-de-arte-de-2o-ciclo\/\" class=\"more-link\">Seguir leyendo <span class=\"screen-reader-text\">COMENZAMOS LA EXPOSICI\u00d3N DE ARTE DE 2\u00ba CICLO<\/span> <span class=\"meta-nav\">&rarr;<\/span><\/a><\/p>\n","protected":false},"author":1,"featured_media":0,"comment_status":"closed","ping_status":"open","sticky":false,"template":"","format":"standard","meta":[],"categories":[1],"tags":[],"_links":{"self":[{"href":"https:\/\/cptafalla.educacion.navarra.es\/web\/wp-json\/wp\/v2\/posts\/9792"}],"collection":[{"href":"https:\/\/cptafalla.educacion.navarra.es\/web\/wp-json\/wp\/v2\/posts"}],"about":[{"href":"https:\/\/cptafalla.educacion.navarra.es\/web\/wp-json\/wp\/v2\/types\/post"}],"author":[{"embeddable":true,"href":"https:\/\/cptafalla.educacion.navarra.es\/web\/wp-json\/wp\/v2\/users\/1"}],"replies":[{"embeddable":true,"href":"https:\/\/cptafalla.educacion.navarra.es\/web\/wp-json\/wp\/v2\/comments?post=9792"}],"version-history":[{"count":1,"href":"https:\/\/cptafalla.educacion.navarra.es\/web\/wp-json\/wp\/v2\/posts\/9792\/revisions"}],"predecessor-version":[{"id":9807,"href":"https:\/\/cptafalla.educacion.navarra.es\/web\/wp-json\/wp\/v2\/posts\/9792\/revisions\/9807"}],"wp:attachment":[{"href":"https:\/\/cptafalla.educacion.navarra.es\/web\/wp-json\/wp\/v2\/media?parent=9792"}],"wp:term":[{"taxonomy":"category","embeddable":true,"href":"https:\/\/cptafalla.educacion.navarra.es\/web\/wp-json\/wp\/v2\/categories?post=9792"},{"taxonomy":"post_tag","embeddable":true,"href":"https:\/\/cptafalla.educacion.navarra.es\/web\/wp-json\/wp\/v2\/tags?post=9792"}],"curies":[{"name":"wp","href":"https:\/\/api.w.org\/{rel}","templated":true}]}}