{"id":9735,"date":"2025-05-27T13:36:08","date_gmt":"2025-05-27T11:36:08","guid":{"rendered":"https:\/\/cptafalla.educacion.navarra.es\/web\/?p=9735"},"modified":"2025-05-27T14:53:28","modified_gmt":"2025-05-27T12:53:28","slug":"susu-interview","status":"publish","type":"post","link":"https:\/\/cptafalla.educacion.navarra.es\/web\/2025\/05\/susu-interview\/","title":{"rendered":"SUS\u00da\u00b4S INTERVIEW"},"content":{"rendered":"\n<div id=\":lr\" class=\"ii gt\">\n<div id=\":lq\" class=\"a3s aiL \">\n<div dir=\"auto\">\n<div dir=\"auto\">Siguiendo con el programa de entrevistas realizado por el alumnado de 4\u00b0 de Primaria modelos A\/G, en esta ocasi\u00f3n tuvimos el placer de charlar con Sus\u00fa, madre de nuestra compa\u00f1era Ainara. \u00a1Gracias por tu tiempo!&#8221;<\/div>\n<\/div>\n<div class=\"yj6qo\">\u00a0<\/div>\n<div class=\"adL\">A\/G ereduko Lehen Hezkuntzako 4. mailako ikasleek egindako elkarrizketa-programarekin jarraituz, oraingoan Susurekin, gure ikaskide Ainararen amarekin, hitz egiteko plazerra izan genuen. Eskerrik asko zure denboragatik! &#8220;<\/div>\n<\/div>\n<\/div>\n<div id=\":n0\" class=\"hq gt\">\u00a0<\/div>\n<div>\u00a0<\/div>\n\n\n\n<figure class=\"wp-block-embed is-type-video is-provider-youtube wp-block-embed-youtube wp-embed-aspect-16-9 wp-has-aspect-ratio\"><div class=\"wp-block-embed__wrapper\">\n<iframe loading=\"lazy\" title=\"Sus\u00fa interview 1\" width=\"474\" height=\"267\" src=\"https:\/\/www.youtube.com\/embed\/SwalM7SJYiE?feature=oembed\" frameborder=\"0\" allow=\"accelerometer; autoplay; clipboard-write; encrypted-media; gyroscope; picture-in-picture; web-share\" referrerpolicy=\"strict-origin-when-cross-origin\" allowfullscreen><\/iframe>\n<\/div><\/figure>\n","protected":false},"excerpt":{"rendered":"<p>Siguiendo con el programa de entrevistas realizado por el alumnado de 4\u00b0 de Primaria modelos A\/G, en esta ocasi\u00f3n tuvimos el placer de charlar con Sus\u00fa, madre de nuestra compa\u00f1era Ainara. \u00a1Gracias por tu tiempo!&#8221; \u00a0 A\/G ereduko Lehen Hezkuntzako 4. mailako ikasleek egindako elkarrizketa-programarekin jarraituz, oraingoan Susurekin, gure ikaskide Ainararen amarekin, hitz egiteko plazerra &hellip; <a href=\"https:\/\/cptafalla.educacion.navarra.es\/web\/2025\/05\/susu-interview\/\" class=\"more-link\">Seguir leyendo <span class=\"screen-reader-text\">SUS\u00da\u00b4S INTERVIEW<\/span> <span class=\"meta-nav\">&rarr;<\/span><\/a><\/p>\n","protected":false},"author":1,"featured_media":0,"comment_status":"closed","ping_status":"open","sticky":false,"template":"","format":"standard","meta":[],"categories":[1],"tags":[],"_links":{"self":[{"href":"https:\/\/cptafalla.educacion.navarra.es\/web\/wp-json\/wp\/v2\/posts\/9735"}],"collection":[{"href":"https:\/\/cptafalla.educacion.navarra.es\/web\/wp-json\/wp\/v2\/posts"}],"about":[{"href":"https:\/\/cptafalla.educacion.navarra.es\/web\/wp-json\/wp\/v2\/types\/post"}],"author":[{"embeddable":true,"href":"https:\/\/cptafalla.educacion.navarra.es\/web\/wp-json\/wp\/v2\/users\/1"}],"replies":[{"embeddable":true,"href":"https:\/\/cptafalla.educacion.navarra.es\/web\/wp-json\/wp\/v2\/comments?post=9735"}],"version-history":[{"count":2,"href":"https:\/\/cptafalla.educacion.navarra.es\/web\/wp-json\/wp\/v2\/posts\/9735\/revisions"}],"predecessor-version":[{"id":9737,"href":"https:\/\/cptafalla.educacion.navarra.es\/web\/wp-json\/wp\/v2\/posts\/9735\/revisions\/9737"}],"wp:attachment":[{"href":"https:\/\/cptafalla.educacion.navarra.es\/web\/wp-json\/wp\/v2\/media?parent=9735"}],"wp:term":[{"taxonomy":"category","embeddable":true,"href":"https:\/\/cptafalla.educacion.navarra.es\/web\/wp-json\/wp\/v2\/categories?post=9735"},{"taxonomy":"post_tag","embeddable":true,"href":"https:\/\/cptafalla.educacion.navarra.es\/web\/wp-json\/wp\/v2\/tags?post=9735"}],"curies":[{"name":"wp","href":"https:\/\/api.w.org\/{rel}","templated":true}]}}