{"id":9706,"date":"2025-05-26T12:30:48","date_gmt":"2025-05-26T10:30:48","guid":{"rendered":"https:\/\/cptafalla.educacion.navarra.es\/web\/?p=9706"},"modified":"2025-05-26T12:30:48","modified_gmt":"2025-05-26T10:30:48","slug":"herri-kirolak-2","status":"publish","type":"post","link":"https:\/\/cptafalla.educacion.navarra.es\/web\/2025\/05\/herri-kirolak-2\/","title":{"rendered":"HERRI KIROLAK"},"content":{"rendered":"\n<p>Euskaraldia dela eta, ostegunean, Konde parkean gure eskolak prestatzen dituen ohiko Herri kirolak antolatu genituen.\u00a0<\/p>\n<p>Urte honetan eskerrak eman behar dizkiegu materiala sortu duten familiei eta Tafallako Lanbide eskolako ikasle eta irakasleari.\u00a0<\/p>\n<p>Mila mila esker egun horretan parte hartu duzuen guztioi eta materiala egin duzuenoi!<\/p>\n<p>Con motivo de Euskaraldia, el jueves organizamos el tradicional Herri kirolak que prepara nuestro colegio en el parque Konde.<br \/><br \/>Este a\u00f1o tenemos que agradecer a las familias que han creado el material y al alumnado y profesor de la Escuela Profesional de Tafalla.<br \/><br \/>\u00a1Gracias a todos y todas los que hab\u00e9is participado en ese d\u00eda y a los que hab\u00e9is hecho el material!<\/p>\n<p><a href=\"https:\/\/cptafalla.educacion.navarra.es\/web\/wp-content\/uploads\/2025\/05\/IMG-20250522-WA0008.jpg\"><img loading=\"lazy\" class=\"alignnone size-thumbnail wp-image-9709\" src=\"https:\/\/cptafalla.educacion.navarra.es\/web\/wp-content\/uploads\/2025\/05\/IMG-20250522-WA0008-150x150.jpg\" alt=\"\" width=\"150\" height=\"150\" \/><\/a> <a href=\"https:\/\/cptafalla.educacion.navarra.es\/web\/wp-content\/uploads\/2025\/05\/IMG-20250522-WA0009.jpg\"><img loading=\"lazy\" class=\"alignnone size-thumbnail wp-image-9710\" src=\"https:\/\/cptafalla.educacion.navarra.es\/web\/wp-content\/uploads\/2025\/05\/IMG-20250522-WA0009-150x150.jpg\" alt=\"\" width=\"150\" height=\"150\" \/><\/a> <a href=\"https:\/\/cptafalla.educacion.navarra.es\/web\/wp-content\/uploads\/2025\/05\/IMG-20250522-WA0011.jpg\"><img loading=\"lazy\" class=\"alignnone size-thumbnail wp-image-9712\" src=\"https:\/\/cptafalla.educacion.navarra.es\/web\/wp-content\/uploads\/2025\/05\/IMG-20250522-WA0011-150x150.jpg\" alt=\"\" width=\"150\" height=\"150\" \/><\/a> <a href=\"https:\/\/cptafalla.educacion.navarra.es\/web\/wp-content\/uploads\/2025\/05\/IMG-20250522-WA0012.jpg\"><img loading=\"lazy\" class=\"alignnone size-thumbnail wp-image-9713\" src=\"https:\/\/cptafalla.educacion.navarra.es\/web\/wp-content\/uploads\/2025\/05\/IMG-20250522-WA0012-150x150.jpg\" alt=\"\" width=\"150\" height=\"150\" \/><\/a> <a href=\"https:\/\/cptafalla.educacion.navarra.es\/web\/wp-content\/uploads\/2025\/05\/IMG-20250522-WA0014.jpg\"><img loading=\"lazy\" class=\"alignnone size-thumbnail wp-image-9714\" src=\"https:\/\/cptafalla.educacion.navarra.es\/web\/wp-content\/uploads\/2025\/05\/IMG-20250522-WA0014-150x150.jpg\" alt=\"\" width=\"150\" height=\"150\" \/><\/a> <a href=\"https:\/\/cptafalla.educacion.navarra.es\/web\/wp-content\/uploads\/2025\/05\/IMG-20250522-WA0016.jpg\"><img loading=\"lazy\" class=\"alignnone size-thumbnail wp-image-9715\" src=\"https:\/\/cptafalla.educacion.navarra.es\/web\/wp-content\/uploads\/2025\/05\/IMG-20250522-WA0016-150x150.jpg\" alt=\"\" width=\"150\" height=\"150\" \/><\/a> <a href=\"https:\/\/cptafalla.educacion.navarra.es\/web\/wp-content\/uploads\/2025\/05\/IMG-20250522-WA0017.jpg\"><img loading=\"lazy\" class=\"alignnone size-thumbnail wp-image-9716\" src=\"https:\/\/cptafalla.educacion.navarra.es\/web\/wp-content\/uploads\/2025\/05\/IMG-20250522-WA0017-150x150.jpg\" alt=\"\" width=\"150\" height=\"150\" \/><\/a> <a href=\"https:\/\/cptafalla.educacion.navarra.es\/web\/wp-content\/uploads\/2025\/05\/IMG-20250522-WA0018.jpg\"><img loading=\"lazy\" class=\"alignnone size-thumbnail wp-image-9717\" src=\"https:\/\/cptafalla.educacion.navarra.es\/web\/wp-content\/uploads\/2025\/05\/IMG-20250522-WA0018-150x150.jpg\" alt=\"\" width=\"150\" height=\"150\" \/><\/a> <a href=\"https:\/\/cptafalla.educacion.navarra.es\/web\/wp-content\/uploads\/2025\/05\/IMG-20250522-WA0019.jpg\"><img loading=\"lazy\" class=\"alignnone size-thumbnail wp-image-9718\" src=\"https:\/\/cptafalla.educacion.navarra.es\/web\/wp-content\/uploads\/2025\/05\/IMG-20250522-WA0019-150x150.jpg\" alt=\"\" width=\"150\" height=\"150\" \/><\/a> <a href=\"https:\/\/cptafalla.educacion.navarra.es\/web\/wp-content\/uploads\/2025\/05\/IMG-20250522-WA0020.jpg\"><img loading=\"lazy\" class=\"alignnone size-thumbnail wp-image-9719\" src=\"https:\/\/cptafalla.educacion.navarra.es\/web\/wp-content\/uploads\/2025\/05\/IMG-20250522-WA0020-150x150.jpg\" alt=\"\" width=\"150\" height=\"150\" \/><\/a> <a href=\"https:\/\/cptafalla.educacion.navarra.es\/web\/wp-content\/uploads\/2025\/05\/IMG-20250522-WA0021.jpg\"><img loading=\"lazy\" class=\"alignnone size-thumbnail wp-image-9720\" src=\"https:\/\/cptafalla.educacion.navarra.es\/web\/wp-content\/uploads\/2025\/05\/IMG-20250522-WA0021-150x150.jpg\" alt=\"\" width=\"150\" height=\"150\" \/><\/a> <a href=\"https:\/\/cptafalla.educacion.navarra.es\/web\/wp-content\/uploads\/2025\/05\/IMG-20250522-WA0022.jpg\"><img loading=\"lazy\" class=\"alignnone size-thumbnail wp-image-9721\" src=\"https:\/\/cptafalla.educacion.navarra.es\/web\/wp-content\/uploads\/2025\/05\/IMG-20250522-WA0022-150x150.jpg\" alt=\"\" width=\"150\" height=\"150\" \/><\/a> <a href=\"https:\/\/cptafalla.educacion.navarra.es\/web\/wp-content\/uploads\/2025\/05\/IMG-20250522-WA0023.jpg\"><img loading=\"lazy\" class=\"alignnone size-thumbnail wp-image-9722\" src=\"https:\/\/cptafalla.educacion.navarra.es\/web\/wp-content\/uploads\/2025\/05\/IMG-20250522-WA0023-150x150.jpg\" alt=\"\" width=\"150\" height=\"150\" \/><\/a> <a href=\"https:\/\/cptafalla.educacion.navarra.es\/web\/wp-content\/uploads\/2025\/05\/IMG-20250522-WA0024.jpg\"><img loading=\"lazy\" class=\"alignnone size-thumbnail wp-image-9723\" src=\"https:\/\/cptafalla.educacion.navarra.es\/web\/wp-content\/uploads\/2025\/05\/IMG-20250522-WA0024-150x150.jpg\" alt=\"\" width=\"150\" height=\"150\" \/><\/a> <a href=\"https:\/\/cptafalla.educacion.navarra.es\/web\/wp-content\/uploads\/2025\/05\/IMG-20250522-WA0025.jpg\"><img loading=\"lazy\" class=\"alignnone size-thumbnail wp-image-9724\" src=\"https:\/\/cptafalla.educacion.navarra.es\/web\/wp-content\/uploads\/2025\/05\/IMG-20250522-WA0025-150x150.jpg\" alt=\"\" width=\"150\" height=\"150\" \/><\/a> <a href=\"https:\/\/cptafalla.educacion.navarra.es\/web\/wp-content\/uploads\/2025\/05\/IMG-20250522-WA0026.jpg\"><img loading=\"lazy\" class=\"alignnone size-thumbnail wp-image-9725\" src=\"https:\/\/cptafalla.educacion.navarra.es\/web\/wp-content\/uploads\/2025\/05\/IMG-20250522-WA0026-150x150.jpg\" alt=\"\" width=\"150\" height=\"150\" \/><\/a> <a href=\"https:\/\/cptafalla.educacion.navarra.es\/web\/wp-content\/uploads\/2025\/05\/IMG-20250522-WA0027.jpg\"><img loading=\"lazy\" class=\"alignnone size-thumbnail wp-image-9726\" src=\"https:\/\/cptafalla.educacion.navarra.es\/web\/wp-content\/uploads\/2025\/05\/IMG-20250522-WA0027-150x150.jpg\" alt=\"\" width=\"150\" height=\"150\" \/><\/a> <a href=\"https:\/\/cptafalla.educacion.navarra.es\/web\/wp-content\/uploads\/2025\/05\/IMG-20250522-WA0028.jpg\"><img loading=\"lazy\" class=\"alignnone size-thumbnail wp-image-9727\" src=\"https:\/\/cptafalla.educacion.navarra.es\/web\/wp-content\/uploads\/2025\/05\/IMG-20250522-WA0028-150x150.jpg\" alt=\"\" width=\"150\" height=\"150\" \/><\/a> <a href=\"https:\/\/cptafalla.educacion.navarra.es\/web\/wp-content\/uploads\/2025\/05\/IMG-20250522-WA0029.jpg\"><img loading=\"lazy\" class=\"alignnone size-thumbnail wp-image-9728\" src=\"https:\/\/cptafalla.educacion.navarra.es\/web\/wp-content\/uploads\/2025\/05\/IMG-20250522-WA0029-150x150.jpg\" alt=\"\" width=\"150\" height=\"150\" \/><\/a> <a href=\"https:\/\/cptafalla.educacion.navarra.es\/web\/wp-content\/uploads\/2025\/05\/IMG-20250522-WA0030.jpg\"><img loading=\"lazy\" class=\"alignnone size-thumbnail wp-image-9729\" src=\"https:\/\/cptafalla.educacion.navarra.es\/web\/wp-content\/uploads\/2025\/05\/IMG-20250522-WA0030-150x150.jpg\" alt=\"\" width=\"150\" height=\"150\" \/><\/a> <a href=\"https:\/\/cptafalla.educacion.navarra.es\/web\/wp-content\/uploads\/2025\/05\/IMG-20250522-WA0031.jpg\"><img loading=\"lazy\" class=\"alignnone size-thumbnail wp-image-9730\" src=\"https:\/\/cptafalla.educacion.navarra.es\/web\/wp-content\/uploads\/2025\/05\/IMG-20250522-WA0031-150x150.jpg\" alt=\"\" width=\"150\" height=\"150\" \/><\/a> <a href=\"https:\/\/cptafalla.educacion.navarra.es\/web\/wp-content\/uploads\/2025\/05\/IMG-20250522-WA0032.jpg\"><img loading=\"lazy\" class=\"alignnone size-thumbnail wp-image-9731\" src=\"https:\/\/cptafalla.educacion.navarra.es\/web\/wp-content\/uploads\/2025\/05\/IMG-20250522-WA0032-150x150.jpg\" alt=\"\" width=\"150\" height=\"150\" \/><\/a> <a href=\"https:\/\/cptafalla.educacion.navarra.es\/web\/wp-content\/uploads\/2025\/05\/IMG-20250522-WA0033.jpg\"><img loading=\"lazy\" class=\"alignnone size-thumbnail wp-image-9732\" src=\"https:\/\/cptafalla.educacion.navarra.es\/web\/wp-content\/uploads\/2025\/05\/IMG-20250522-WA0033-150x150.jpg\" alt=\"\" width=\"150\" height=\"150\" \/><\/a> <a href=\"https:\/\/cptafalla.educacion.navarra.es\/web\/wp-content\/uploads\/2025\/05\/IMG-20250522-WA0034.jpg\"><img loading=\"lazy\" class=\"alignnone size-thumbnail wp-image-9733\" src=\"https:\/\/cptafalla.educacion.navarra.es\/web\/wp-content\/uploads\/2025\/05\/IMG-20250522-WA0034.jpg\" alt=\"\" width=\"113\" height=\"150\" \/><\/a><\/p>\n\n\n","protected":false},"excerpt":{"rendered":"<p>Euskaraldia dela eta, ostegunean, Konde parkean gure eskolak prestatzen dituen ohiko Herri kirolak antolatu genituen.\u00a0 Urte honetan eskerrak eman behar dizkiegu materiala sortu duten familiei eta Tafallako Lanbide eskolako ikasle eta irakasleari.\u00a0 Mila mila esker egun horretan parte hartu duzuen guztioi eta materiala egin duzuenoi! Con motivo de Euskaraldia, el jueves organizamos el tradicional Herri &hellip; <a href=\"https:\/\/cptafalla.educacion.navarra.es\/web\/2025\/05\/herri-kirolak-2\/\" class=\"more-link\">Seguir leyendo <span class=\"screen-reader-text\">HERRI KIROLAK<\/span> <span class=\"meta-nav\">&rarr;<\/span><\/a><\/p>\n","protected":false},"author":1,"featured_media":0,"comment_status":"closed","ping_status":"open","sticky":false,"template":"","format":"standard","meta":[],"categories":[1],"tags":[],"_links":{"self":[{"href":"https:\/\/cptafalla.educacion.navarra.es\/web\/wp-json\/wp\/v2\/posts\/9706"}],"collection":[{"href":"https:\/\/cptafalla.educacion.navarra.es\/web\/wp-json\/wp\/v2\/posts"}],"about":[{"href":"https:\/\/cptafalla.educacion.navarra.es\/web\/wp-json\/wp\/v2\/types\/post"}],"author":[{"embeddable":true,"href":"https:\/\/cptafalla.educacion.navarra.es\/web\/wp-json\/wp\/v2\/users\/1"}],"replies":[{"embeddable":true,"href":"https:\/\/cptafalla.educacion.navarra.es\/web\/wp-json\/wp\/v2\/comments?post=9706"}],"version-history":[{"count":1,"href":"https:\/\/cptafalla.educacion.navarra.es\/web\/wp-json\/wp\/v2\/posts\/9706\/revisions"}],"predecessor-version":[{"id":9734,"href":"https:\/\/cptafalla.educacion.navarra.es\/web\/wp-json\/wp\/v2\/posts\/9706\/revisions\/9734"}],"wp:attachment":[{"href":"https:\/\/cptafalla.educacion.navarra.es\/web\/wp-json\/wp\/v2\/media?parent=9706"}],"wp:term":[{"taxonomy":"category","embeddable":true,"href":"https:\/\/cptafalla.educacion.navarra.es\/web\/wp-json\/wp\/v2\/categories?post=9706"},{"taxonomy":"post_tag","embeddable":true,"href":"https:\/\/cptafalla.educacion.navarra.es\/web\/wp-json\/wp\/v2\/tags?post=9706"}],"curies":[{"name":"wp","href":"https:\/\/api.w.org\/{rel}","templated":true}]}}