{"id":965,"date":"2015-04-23T23:42:58","date_gmt":"2015-04-23T21:42:58","guid":{"rendered":"http:\/\/cptafalla.educacion.navarra.es\/web\/?p=965"},"modified":"2015-04-26T22:49:14","modified_gmt":"2015-04-26T20:49:14","slug":"celebracion-del-dia-del-libro","status":"publish","type":"post","link":"https:\/\/cptafalla.educacion.navarra.es\/web\/2015\/04\/celebracion-del-dia-del-libro\/","title":{"rendered":"CELEBRACI\u00d3N DEL<br>D\u00cdA DEL LIBRO"},"content":{"rendered":"<p><a href=\"https:\/\/cptafalla.educacion.navarra.es\/web\/wp-content\/uploads\/2015\/04\/Cartel_2015.jpg\"><img loading=\"lazy\" class=\"alignnone size-large wp-image-973\" src=\"https:\/\/cptafalla.educacion.navarra.es\/web\/wp-content\/uploads\/2015\/04\/Cartel_2015-1024x683.jpg\" alt=\"Cartel_2015\" width=\"474\" height=\"316\" srcset=\"https:\/\/cptafalla.educacion.navarra.es\/web\/wp-content\/uploads\/2015\/04\/Cartel_2015-1024x683.jpg 1024w, https:\/\/cptafalla.educacion.navarra.es\/web\/wp-content\/uploads\/2015\/04\/Cartel_2015-300x200.jpg 300w\" sizes=\"(max-width: 474px) 100vw, 474px\" \/><\/a><\/p>\n<p>A primera hora de la ma\u00f1ana, el alumnado de 5\u00ba y 6\u00ba se reparti\u00f3 por el resto de clases, explicando la celebraci\u00f3n del d\u00eda y haciendo part\u00edcipe de la misma al resto de compa\u00f1eros y compa\u00f1eras, bien representando una poes\u00eda de Gloria Fuertes o leyendo uno de los pasajes del Quijote.<\/p>\n<p><a href=\"https:\/\/cptafalla.educacion.navarra.es\/web\/wp-content\/uploads\/2015\/04\/S5B5072.jpg\"><img loading=\"lazy\" class=\"alignnone size-large wp-image-967\" src=\"https:\/\/cptafalla.educacion.navarra.es\/web\/wp-content\/uploads\/2015\/04\/S5B5072-1024x682.jpg\" alt=\"_S5B5072\" width=\"474\" height=\"316\" srcset=\"https:\/\/cptafalla.educacion.navarra.es\/web\/wp-content\/uploads\/2015\/04\/S5B5072-1024x682.jpg 1024w, https:\/\/cptafalla.educacion.navarra.es\/web\/wp-content\/uploads\/2015\/04\/S5B5072-300x200.jpg 300w, https:\/\/cptafalla.educacion.navarra.es\/web\/wp-content\/uploads\/2015\/04\/S5B5072.jpg 1819w\" sizes=\"(max-width: 474px) 100vw, 474px\" \/><\/a><\/p>\n<p><a href=\"https:\/\/cptafalla.educacion.navarra.es\/web\/wp-content\/uploads\/2015\/04\/S5B5078.jpg\"><img loading=\"lazy\" class=\"alignnone size-large wp-image-968\" src=\"https:\/\/cptafalla.educacion.navarra.es\/web\/wp-content\/uploads\/2015\/04\/S5B5078-1024x683.jpg\" alt=\"_S5B5078\" width=\"474\" height=\"316\" srcset=\"https:\/\/cptafalla.educacion.navarra.es\/web\/wp-content\/uploads\/2015\/04\/S5B5078-1024x683.jpg 1024w, https:\/\/cptafalla.educacion.navarra.es\/web\/wp-content\/uploads\/2015\/04\/S5B5078-300x200.jpg 300w, https:\/\/cptafalla.educacion.navarra.es\/web\/wp-content\/uploads\/2015\/04\/S5B5078.jpg 2048w\" sizes=\"(max-width: 474px) 100vw, 474px\" \/><\/a><\/p>\n<p>Por la tarde, el buen tiempo volvi\u00f3 a acompa\u00f1arnos un a\u00f1o m\u00e1s y la Biblioteca al aire libre se nos hizo tan intensa y agradable como corta.<\/p>\n<p><a href=\"https:\/\/cptafalla.educacion.navarra.es\/web\/wp-content\/uploads\/2015\/04\/S5B5138.jpg\"><img loading=\"lazy\" class=\"alignnone size-large wp-image-970\" src=\"https:\/\/cptafalla.educacion.navarra.es\/web\/wp-content\/uploads\/2015\/04\/S5B5138-1024x683.jpg\" alt=\"_S5B5138\" width=\"474\" height=\"316\" srcset=\"https:\/\/cptafalla.educacion.navarra.es\/web\/wp-content\/uploads\/2015\/04\/S5B5138-1024x683.jpg 1024w, https:\/\/cptafalla.educacion.navarra.es\/web\/wp-content\/uploads\/2015\/04\/S5B5138-300x200.jpg 300w, https:\/\/cptafalla.educacion.navarra.es\/web\/wp-content\/uploads\/2015\/04\/S5B5138.jpg 2048w\" sizes=\"(max-width: 474px) 100vw, 474px\" \/><\/a><\/p>\n<p><a href=\"https:\/\/cptafalla.educacion.navarra.es\/web\/wp-content\/uploads\/2015\/04\/S5B5099.jpg\"><img loading=\"lazy\" class=\"alignnone size-large wp-image-969\" src=\"https:\/\/cptafalla.educacion.navarra.es\/web\/wp-content\/uploads\/2015\/04\/S5B5099-1024x683.jpg\" alt=\"_S5B5099\" width=\"474\" height=\"316\" srcset=\"https:\/\/cptafalla.educacion.navarra.es\/web\/wp-content\/uploads\/2015\/04\/S5B5099-1024x683.jpg 1024w, https:\/\/cptafalla.educacion.navarra.es\/web\/wp-content\/uploads\/2015\/04\/S5B5099-300x200.jpg 300w, https:\/\/cptafalla.educacion.navarra.es\/web\/wp-content\/uploads\/2015\/04\/S5B5099.jpg 2048w\" sizes=\"(max-width: 474px) 100vw, 474px\" \/><\/a><\/p>\n<p><a href=\"https:\/\/drive.google.com\/folderview?id=0B6LCFgPqjtgxflNyNUNmWVpacFpkM0lMT3B2UHBjU25ROEhCTFRMUzJDWHdJZDRLZ0p3UzQ&amp;usp=sharing\" target=\"_blank\">Todas las fotos en \u00a0CELEBRACIONES de la galer\u00eda de im\u00e1genes.<\/a><\/p>\n","protected":false},"excerpt":{"rendered":"<p>A primera hora de la ma\u00f1ana, el alumnado de 5\u00ba y 6\u00ba se reparti\u00f3 por el resto de clases, explicando la celebraci\u00f3n del d\u00eda y haciendo part\u00edcipe de la misma al resto de compa\u00f1eros y compa\u00f1eras, bien representando una poes\u00eda de Gloria Fuertes o leyendo uno de los pasajes del Quijote. Por la tarde, el &hellip; <a href=\"https:\/\/cptafalla.educacion.navarra.es\/web\/2015\/04\/celebracion-del-dia-del-libro\/\" class=\"more-link\">Seguir leyendo <span class=\"screen-reader-text\">CELEBRACI\u00d3N DEL<br \/>D\u00cdA DEL LIBRO<\/span> <span class=\"meta-nav\">&rarr;<\/span><\/a><\/p>\n","protected":false},"author":1,"featured_media":0,"comment_status":"closed","ping_status":"open","sticky":false,"template":"","format":"standard","meta":[],"categories":[1],"tags":[],"_links":{"self":[{"href":"https:\/\/cptafalla.educacion.navarra.es\/web\/wp-json\/wp\/v2\/posts\/965"}],"collection":[{"href":"https:\/\/cptafalla.educacion.navarra.es\/web\/wp-json\/wp\/v2\/posts"}],"about":[{"href":"https:\/\/cptafalla.educacion.navarra.es\/web\/wp-json\/wp\/v2\/types\/post"}],"author":[{"embeddable":true,"href":"https:\/\/cptafalla.educacion.navarra.es\/web\/wp-json\/wp\/v2\/users\/1"}],"replies":[{"embeddable":true,"href":"https:\/\/cptafalla.educacion.navarra.es\/web\/wp-json\/wp\/v2\/comments?post=965"}],"version-history":[{"count":8,"href":"https:\/\/cptafalla.educacion.navarra.es\/web\/wp-json\/wp\/v2\/posts\/965\/revisions"}],"predecessor-version":[{"id":982,"href":"https:\/\/cptafalla.educacion.navarra.es\/web\/wp-json\/wp\/v2\/posts\/965\/revisions\/982"}],"wp:attachment":[{"href":"https:\/\/cptafalla.educacion.navarra.es\/web\/wp-json\/wp\/v2\/media?parent=965"}],"wp:term":[{"taxonomy":"category","embeddable":true,"href":"https:\/\/cptafalla.educacion.navarra.es\/web\/wp-json\/wp\/v2\/categories?post=965"},{"taxonomy":"post_tag","embeddable":true,"href":"https:\/\/cptafalla.educacion.navarra.es\/web\/wp-json\/wp\/v2\/tags?post=965"}],"curies":[{"name":"wp","href":"https:\/\/api.w.org\/{rel}","templated":true}]}}