{"id":9627,"date":"2025-05-07T10:09:56","date_gmt":"2025-05-07T08:09:56","guid":{"rendered":"https:\/\/cptafalla.educacion.navarra.es\/web\/?p=9627"},"modified":"2025-05-07T10:09:57","modified_gmt":"2025-05-07T08:09:57","slug":"visita-por-tafalla","status":"publish","type":"post","link":"https:\/\/cptafalla.educacion.navarra.es\/web\/2025\/05\/visita-por-tafalla\/","title":{"rendered":"VISITA POR TAFALLA"},"content":{"rendered":"\n<p>\u00a0\u00a0<img class=\"an1\" draggable=\"false\" src=\"https:\/\/fonts.gstatic.com\/s\/e\/notoemoji\/16.0\/1f575_fe0f_200d_2642_fe0f\/32.png\" alt=\"\ud83d\udd75\ufe0f\u200d\u2642\ufe0f\" data-emoji=\"\ud83d\udd75\ufe0f\u200d\u2642\ufe0f\" aria-label=\"\ud83d\udd75\ufe0f\u200d\u2642\ufe0f\" \/>\u00a0El pasado mi\u00e9rcoles 30 de abril, el alumnado de modelo A\/G se lanz\u00f3 a descubrir Tafalla con la ayuda de nuestro gu\u00eda, Asier Gonz\u00e1lez. \u00a1Y no veas todo lo que aprendimos! Nos enteramos de que en Tafalla hubo un palacio real, aprendimos a reconocer escudos y blasones, y nos asombramos con el palacio de los Mencos, entre muchas otras curiosidades.<br \/><img class=\"an1\" draggable=\"false\" src=\"https:\/\/fonts.gstatic.com\/s\/e\/notoemoji\/16.0\/1f64f\/32.png\" alt=\"\ud83d\ude4f\" data-emoji=\"\ud83d\ude4f\" aria-label=\"\ud83d\ude4f\" \/>\u00a0\u00a1Much\u00edsimas gracias, Asier, por compartir con nosotros tantos secretos e historias de la ciudad!<br \/><img class=\"an1\" draggable=\"false\" src=\"https:\/\/fonts.gstatic.com\/s\/e\/notoemoji\/16.0\/1f440\/32.png\" alt=\"\ud83d\udc40\" data-emoji=\"\ud83d\udc40\" aria-label=\"\ud83d\udc40\" \/>\u00a0Y ahora&#8230; \u00a1reto visual! En la \u00faltima foto hay una piedra de la iglesia con forma de cabeza de toro. \u00bfSois capaces de encontrarla?\u00a0<img class=\"an1\" draggable=\"false\" src=\"https:\/\/fonts.gstatic.com\/s\/e\/notoemoji\/16.0\/1f402\/32.png\" alt=\"\ud83d\udc02\" data-emoji=\"\ud83d\udc02\" aria-label=\"\ud83d\udc02\" \/><img class=\"an1\" draggable=\"false\" src=\"https:\/\/fonts.gstatic.com\/s\/e\/notoemoji\/16.0\/1f4f8\/32.png\" alt=\"\ud83d\udcf8\" data-emoji=\"\ud83d\udcf8\" aria-label=\"\ud83d\udcf8\" \/>\u00a0\u00a0<\/p>\n<p>Joan den asteazkenean, apirilaren 30ean, A\/G ereduko ikasleak Tafalla ezagutzera abiatu ziren Asier Gonz\u00e1lez gure gidariaren laguntzarekin. Eta ezugarria ikasi genuen guztia! Tafallan errege-jauregi bat egon zela jakin genuen, armarriak eta armarriak ezagutzen ikasi genuen, eta Menkoen jauregiarekin harritu ginen, beste bitxikeria askoren artean.<br \/>Eskerrik asko, Asier, hiriko hainbeste sekretu eta istorio gurekin partekatzeagatik!<br \/>Eta orain&#8230; erronka bisuala! Azken argazkian, zezen-buruaren forma duen elizako harri bat dago. Aurkituko al duzue?<\/p>\n<p><a href=\"https:\/\/cptafalla.educacion.navarra.es\/web\/wp-content\/uploads\/2025\/05\/IMG_0561.jpg\"><img loading=\"lazy\" class=\"alignnone size-thumbnail wp-image-9628\" src=\"https:\/\/cptafalla.educacion.navarra.es\/web\/wp-content\/uploads\/2025\/05\/IMG_0561-150x150.jpg\" alt=\"\" width=\"150\" height=\"150\" \/><\/a> <a href=\"https:\/\/cptafalla.educacion.navarra.es\/web\/wp-content\/uploads\/2025\/05\/IMG_0562-1.jpg\"><img loading=\"lazy\" class=\"alignnone size-thumbnail wp-image-9629\" src=\"https:\/\/cptafalla.educacion.navarra.es\/web\/wp-content\/uploads\/2025\/05\/IMG_0562-1-150x150.jpg\" alt=\"\" width=\"150\" height=\"150\" \/><\/a> <a href=\"https:\/\/cptafalla.educacion.navarra.es\/web\/wp-content\/uploads\/2025\/05\/IMG_0564.jpg\"><img loading=\"lazy\" class=\"alignnone size-thumbnail wp-image-9630\" src=\"https:\/\/cptafalla.educacion.navarra.es\/web\/wp-content\/uploads\/2025\/05\/IMG_0564-150x150.jpg\" alt=\"\" width=\"150\" height=\"150\" \/><\/a> <a href=\"https:\/\/cptafalla.educacion.navarra.es\/web\/wp-content\/uploads\/2025\/05\/IMG_0566.jpg\"><img loading=\"lazy\" class=\"alignnone size-thumbnail wp-image-9631\" src=\"https:\/\/cptafalla.educacion.navarra.es\/web\/wp-content\/uploads\/2025\/05\/IMG_0566-150x150.jpg\" alt=\"\" width=\"150\" height=\"150\" \/><\/a> <a href=\"https:\/\/cptafalla.educacion.navarra.es\/web\/wp-content\/uploads\/2025\/05\/IMG_0573.jpg\"><img loading=\"lazy\" class=\"alignnone size-thumbnail wp-image-9632\" src=\"https:\/\/cptafalla.educacion.navarra.es\/web\/wp-content\/uploads\/2025\/05\/IMG_0573-150x150.jpg\" alt=\"\" width=\"150\" height=\"150\" \/><\/a> <a href=\"https:\/\/cptafalla.educacion.navarra.es\/web\/wp-content\/uploads\/2025\/05\/ultima.jpg\"><img loading=\"lazy\" class=\"alignnone size-thumbnail wp-image-9633\" src=\"https:\/\/cptafalla.educacion.navarra.es\/web\/wp-content\/uploads\/2025\/05\/ultima-150x150.jpg\" alt=\"\" width=\"150\" height=\"150\" \/><\/a><\/p>\n","protected":false},"excerpt":{"rendered":"<p>\u00a0\u00a0\u00a0El pasado mi\u00e9rcoles 30 de abril, el alumnado de modelo A\/G se lanz\u00f3 a descubrir Tafalla con la ayuda de nuestro gu\u00eda, Asier Gonz\u00e1lez. \u00a1Y no veas todo lo que aprendimos! Nos enteramos de que en Tafalla hubo un palacio real, aprendimos a reconocer escudos y blasones, y nos asombramos con el palacio de los &hellip; <a href=\"https:\/\/cptafalla.educacion.navarra.es\/web\/2025\/05\/visita-por-tafalla\/\" class=\"more-link\">Seguir leyendo <span class=\"screen-reader-text\">VISITA POR TAFALLA<\/span> <span class=\"meta-nav\">&rarr;<\/span><\/a><\/p>\n","protected":false},"author":1,"featured_media":0,"comment_status":"closed","ping_status":"open","sticky":false,"template":"","format":"standard","meta":[],"categories":[1],"tags":[],"_links":{"self":[{"href":"https:\/\/cptafalla.educacion.navarra.es\/web\/wp-json\/wp\/v2\/posts\/9627"}],"collection":[{"href":"https:\/\/cptafalla.educacion.navarra.es\/web\/wp-json\/wp\/v2\/posts"}],"about":[{"href":"https:\/\/cptafalla.educacion.navarra.es\/web\/wp-json\/wp\/v2\/types\/post"}],"author":[{"embeddable":true,"href":"https:\/\/cptafalla.educacion.navarra.es\/web\/wp-json\/wp\/v2\/users\/1"}],"replies":[{"embeddable":true,"href":"https:\/\/cptafalla.educacion.navarra.es\/web\/wp-json\/wp\/v2\/comments?post=9627"}],"version-history":[{"count":1,"href":"https:\/\/cptafalla.educacion.navarra.es\/web\/wp-json\/wp\/v2\/posts\/9627\/revisions"}],"predecessor-version":[{"id":9634,"href":"https:\/\/cptafalla.educacion.navarra.es\/web\/wp-json\/wp\/v2\/posts\/9627\/revisions\/9634"}],"wp:attachment":[{"href":"https:\/\/cptafalla.educacion.navarra.es\/web\/wp-json\/wp\/v2\/media?parent=9627"}],"wp:term":[{"taxonomy":"category","embeddable":true,"href":"https:\/\/cptafalla.educacion.navarra.es\/web\/wp-json\/wp\/v2\/categories?post=9627"},{"taxonomy":"post_tag","embeddable":true,"href":"https:\/\/cptafalla.educacion.navarra.es\/web\/wp-json\/wp\/v2\/tags?post=9627"}],"curies":[{"name":"wp","href":"https:\/\/api.w.org\/{rel}","templated":true}]}}