{"id":954,"date":"2015-04-22T12:05:31","date_gmt":"2015-04-22T10:05:31","guid":{"rendered":"http:\/\/cptafalla.educacion.navarra.es\/web\/?p=954"},"modified":"2015-04-22T12:13:35","modified_gmt":"2015-04-22T10:13:35","slug":"dia-mundial-de-la-bici-2","status":"publish","type":"post","link":"https:\/\/cptafalla.educacion.navarra.es\/web\/2015\/04\/dia-mundial-de-la-bici-2\/","title":{"rendered":"D\u00cdA MUNDIAL DE LA BICI (2)"},"content":{"rendered":"<p>Ya hemos participado en la actividad organizada por la Concejal\u00eda de Igualdad del <a class=\"profileLink\" href=\"https:\/\/www.facebook.com\/AyuntamientoTafalla\" data-gt=\"{&quot;entity_id&quot;:&quot;100805433436038&quot;,&quot;entity_path&quot;:&quot;WebSaveContentEditController&quot;}\" data-hovercard=\"\/ajax\/hovercard\/page.php?id=100805433436038\">Ayuntamiento de Tafalla<\/a> y la Coordinadora Provincial de Educaci\u00f3n Vial de la DGT y con la colaboraci\u00f3n del Colectivo Enbiziate y de la Polic\u00eda Municipal.<br \/>\nTodo un \u00e9xito y un acierto la actividad: tras una charla sobre las reglas b\u00e1sicas de circular en bici por la ciudad hemos realizado un circuito pr\u00e1ctico por las propias calles de Tafalla, siguiendo la ruta escolar recomendada y los recorridos m\u00e1s habituales: carril bici, Plaza de Navarra, piscina&#8230;<\/p>\n<p><a href=\"https:\/\/cptafalla.educacion.navarra.es\/web\/wp-content\/uploads\/2015\/04\/S5B5038.jpg\"><img loading=\"lazy\" class=\"alignnone size-large wp-image-955\" src=\"https:\/\/cptafalla.educacion.navarra.es\/web\/wp-content\/uploads\/2015\/04\/S5B5038-1024x683.jpg\" alt=\"_S5B5038\" width=\"474\" height=\"316\" srcset=\"https:\/\/cptafalla.educacion.navarra.es\/web\/wp-content\/uploads\/2015\/04\/S5B5038.jpg 1024w, https:\/\/cptafalla.educacion.navarra.es\/web\/wp-content\/uploads\/2015\/04\/S5B5038-300x200.jpg 300w\" sizes=\"(max-width: 474px) 100vw, 474px\" \/><\/a><\/p>\n<p>M\u00e1s fotos <a href=\"https:\/\/drive.google.com\/folderview?id=0B6LCFgPqjtgxfmNrQlEyRFNxbEpnS1p4MkhtM0tQWklieHJkc3Noc1BFVzlMMXM5WFdDX1U&amp;usp=sharing\" target=\"_blank\">pinchando aqu\u00ed<\/a><\/p>\n","protected":false},"excerpt":{"rendered":"<p>Ya hemos participado en la actividad organizada por la Concejal\u00eda de Igualdad del Ayuntamiento de Tafalla y la Coordinadora Provincial de Educaci\u00f3n Vial de la DGT y con la colaboraci\u00f3n del Colectivo Enbiziate y de la Polic\u00eda Municipal. Todo un \u00e9xito y un acierto la actividad: tras una charla sobre las reglas b\u00e1sicas de circular &hellip; <a href=\"https:\/\/cptafalla.educacion.navarra.es\/web\/2015\/04\/dia-mundial-de-la-bici-2\/\" class=\"more-link\">Seguir leyendo <span class=\"screen-reader-text\">D\u00cdA MUNDIAL DE LA BICI (2)<\/span> <span class=\"meta-nav\">&rarr;<\/span><\/a><\/p>\n","protected":false},"author":1,"featured_media":0,"comment_status":"closed","ping_status":"open","sticky":false,"template":"","format":"standard","meta":[],"categories":[1],"tags":[],"_links":{"self":[{"href":"https:\/\/cptafalla.educacion.navarra.es\/web\/wp-json\/wp\/v2\/posts\/954"}],"collection":[{"href":"https:\/\/cptafalla.educacion.navarra.es\/web\/wp-json\/wp\/v2\/posts"}],"about":[{"href":"https:\/\/cptafalla.educacion.navarra.es\/web\/wp-json\/wp\/v2\/types\/post"}],"author":[{"embeddable":true,"href":"https:\/\/cptafalla.educacion.navarra.es\/web\/wp-json\/wp\/v2\/users\/1"}],"replies":[{"embeddable":true,"href":"https:\/\/cptafalla.educacion.navarra.es\/web\/wp-json\/wp\/v2\/comments?post=954"}],"version-history":[{"count":2,"href":"https:\/\/cptafalla.educacion.navarra.es\/web\/wp-json\/wp\/v2\/posts\/954\/revisions"}],"predecessor-version":[{"id":957,"href":"https:\/\/cptafalla.educacion.navarra.es\/web\/wp-json\/wp\/v2\/posts\/954\/revisions\/957"}],"wp:attachment":[{"href":"https:\/\/cptafalla.educacion.navarra.es\/web\/wp-json\/wp\/v2\/media?parent=954"}],"wp:term":[{"taxonomy":"category","embeddable":true,"href":"https:\/\/cptafalla.educacion.navarra.es\/web\/wp-json\/wp\/v2\/categories?post=954"},{"taxonomy":"post_tag","embeddable":true,"href":"https:\/\/cptafalla.educacion.navarra.es\/web\/wp-json\/wp\/v2\/tags?post=954"}],"curies":[{"name":"wp","href":"https:\/\/api.w.org\/{rel}","templated":true}]}}