{"id":9392,"date":"2025-02-21T10:55:19","date_gmt":"2025-02-21T09:55:19","guid":{"rendered":"https:\/\/cptafalla.educacion.navarra.es\/web\/?p=9392"},"modified":"2025-02-21T10:55:19","modified_gmt":"2025-02-21T09:55:19","slug":"historia","status":"publish","type":"post","link":"https:\/\/cptafalla.educacion.navarra.es\/web\/2025\/02\/historia\/","title":{"rendered":"HISTORIA"},"content":{"rendered":"\n<p>El alumnado de 5\u00ba de E.P del modelo A\/G estamos trabajando la historia en el \u00e1rea de conocimiento del medio.\u00a0<\/p>\n<div>Estamos elaborando un\u00a0<b>LAPBOOK<\/b>\u00a0para estudiar la Edad Media en Espa\u00f1a.\u00a0<\/div>\n<div>Es una actividad que la est\u00e1n disfrutando mucho y adem\u00e1s les ha servido para conocer mejor los or\u00edgenes de nuestra historia, han tenido que ser creativos \/as, utilizar su imaginaci\u00f3n y regularse el trabajo de forma aut\u00f3noma.\u00a0<\/div>\n<div>\u00a0<\/div>\n<div>A\/G ereduko LH 5. mailako ikasleok historia lantzen ari gara ingurunearen ezagutzaren arloan.<\/div>\n<div><br \/>LAPBOOK bat egiten ari gara Espainiako Erdi Aroa aztertzeko.<br \/>Asko gozatzen ari diren jarduera da eta, gainera, gure historiaren jatorria hobeto ezagutzeko balio izan die, sortzaileak izan behar izan dute, irudimena erabili behar izan dute eta lana modu autonomoan arautu behar izan dute.<\/div>\n<div><a href=\"https:\/\/cptafalla.educacion.navarra.es\/web\/wp-content\/uploads\/2025\/02\/20250221_091918.jpg\"><img loading=\"lazy\" class=\"alignnone size-thumbnail wp-image-9395\" src=\"https:\/\/cptafalla.educacion.navarra.es\/web\/wp-content\/uploads\/2025\/02\/20250221_091918-150x150.jpg\" alt=\"\" width=\"150\" height=\"150\" \/><\/a> <a href=\"https:\/\/cptafalla.educacion.navarra.es\/web\/wp-content\/uploads\/2025\/02\/20250221_091902.jpg\"><img loading=\"lazy\" class=\"alignnone size-thumbnail wp-image-9396\" src=\"https:\/\/cptafalla.educacion.navarra.es\/web\/wp-content\/uploads\/2025\/02\/20250221_091902-150x150.jpg\" alt=\"\" width=\"150\" height=\"150\" \/><\/a> <a href=\"https:\/\/cptafalla.educacion.navarra.es\/web\/wp-content\/uploads\/2025\/02\/20250214_122433.jpg\"><img loading=\"lazy\" class=\"alignnone size-thumbnail wp-image-9397\" src=\"https:\/\/cptafalla.educacion.navarra.es\/web\/wp-content\/uploads\/2025\/02\/20250214_122433-150x150.jpg\" alt=\"\" width=\"150\" height=\"150\" \/><\/a> <a href=\"https:\/\/cptafalla.educacion.navarra.es\/web\/wp-content\/uploads\/2025\/02\/20250221_091844.jpg\"><img loading=\"lazy\" class=\"alignnone size-thumbnail wp-image-9398\" src=\"https:\/\/cptafalla.educacion.navarra.es\/web\/wp-content\/uploads\/2025\/02\/20250221_091844-150x150.jpg\" alt=\"\" width=\"150\" height=\"150\" \/><\/a> <a href=\"https:\/\/cptafalla.educacion.navarra.es\/web\/wp-content\/uploads\/2025\/02\/20250220_110644.jpg\"><img loading=\"lazy\" class=\"alignnone size-thumbnail wp-image-9399\" src=\"https:\/\/cptafalla.educacion.navarra.es\/web\/wp-content\/uploads\/2025\/02\/20250220_110644-150x150.jpg\" alt=\"\" width=\"150\" height=\"150\" \/><\/a> <a href=\"https:\/\/cptafalla.educacion.navarra.es\/web\/wp-content\/uploads\/2025\/02\/20250219_094851.jpg\"><img loading=\"lazy\" class=\"alignnone size-thumbnail wp-image-9400\" src=\"https:\/\/cptafalla.educacion.navarra.es\/web\/wp-content\/uploads\/2025\/02\/20250219_094851-150x150.jpg\" alt=\"\" width=\"150\" height=\"150\" \/><\/a><\/div>\n","protected":false},"excerpt":{"rendered":"<p>El alumnado de 5\u00ba de E.P del modelo A\/G estamos trabajando la historia en el \u00e1rea de conocimiento del medio.\u00a0 Estamos elaborando un\u00a0LAPBOOK\u00a0para estudiar la Edad Media en Espa\u00f1a.\u00a0 Es una actividad que la est\u00e1n disfrutando mucho y adem\u00e1s les ha servido para conocer mejor los or\u00edgenes de nuestra historia, han tenido que ser creativos &hellip; <a href=\"https:\/\/cptafalla.educacion.navarra.es\/web\/2025\/02\/historia\/\" class=\"more-link\">Seguir leyendo <span class=\"screen-reader-text\">HISTORIA<\/span> <span class=\"meta-nav\">&rarr;<\/span><\/a><\/p>\n","protected":false},"author":1,"featured_media":0,"comment_status":"closed","ping_status":"open","sticky":false,"template":"","format":"standard","meta":[],"categories":[1],"tags":[],"_links":{"self":[{"href":"https:\/\/cptafalla.educacion.navarra.es\/web\/wp-json\/wp\/v2\/posts\/9392"}],"collection":[{"href":"https:\/\/cptafalla.educacion.navarra.es\/web\/wp-json\/wp\/v2\/posts"}],"about":[{"href":"https:\/\/cptafalla.educacion.navarra.es\/web\/wp-json\/wp\/v2\/types\/post"}],"author":[{"embeddable":true,"href":"https:\/\/cptafalla.educacion.navarra.es\/web\/wp-json\/wp\/v2\/users\/1"}],"replies":[{"embeddable":true,"href":"https:\/\/cptafalla.educacion.navarra.es\/web\/wp-json\/wp\/v2\/comments?post=9392"}],"version-history":[{"count":1,"href":"https:\/\/cptafalla.educacion.navarra.es\/web\/wp-json\/wp\/v2\/posts\/9392\/revisions"}],"predecessor-version":[{"id":9401,"href":"https:\/\/cptafalla.educacion.navarra.es\/web\/wp-json\/wp\/v2\/posts\/9392\/revisions\/9401"}],"wp:attachment":[{"href":"https:\/\/cptafalla.educacion.navarra.es\/web\/wp-json\/wp\/v2\/media?parent=9392"}],"wp:term":[{"taxonomy":"category","embeddable":true,"href":"https:\/\/cptafalla.educacion.navarra.es\/web\/wp-json\/wp\/v2\/categories?post=9392"},{"taxonomy":"post_tag","embeddable":true,"href":"https:\/\/cptafalla.educacion.navarra.es\/web\/wp-json\/wp\/v2\/tags?post=9392"}],"curies":[{"name":"wp","href":"https:\/\/api.w.org\/{rel}","templated":true}]}}