{"id":9098,"date":"2024-10-07T12:19:58","date_gmt":"2024-10-07T10:19:58","guid":{"rendered":"https:\/\/cptafalla.educacion.navarra.es\/web\/?p=9098"},"modified":"2024-10-07T12:19:58","modified_gmt":"2024-10-07T10:19:58","slug":"aula-estrella-3","status":"publish","type":"post","link":"https:\/\/cptafalla.educacion.navarra.es\/web\/2024\/10\/aula-estrella-3\/","title":{"rendered":"AULA ESTRELLA"},"content":{"rendered":"\n<p>La entrada del oto\u00f1o en Aula Estrella, con frutos secos que ya ten\u00edamos y con hojas y m\u00e1s plantas que hemos recogido del patio, hemos estado realizando unas mandalas de oto\u00f1o.<\/p>\n<p>Udazkenaren sarrera Izar Gelan, lehendik genituen fruitu lehorrekin eta patiotik jaso ditugun hosto eta landare gehiagorekin, udazkeneko mandalak egiten aritu gara.<\/p>\n<p><a href=\"https:\/\/cptafalla.educacion.navarra.es\/web\/wp-content\/uploads\/2024\/10\/MANDALA-OTONO-1.jpg\"><img loading=\"lazy\" class=\"alignnone size-thumbnail wp-image-9099\" src=\"https:\/\/cptafalla.educacion.navarra.es\/web\/wp-content\/uploads\/2024\/10\/MANDALA-OTONO-1-150x150.jpg\" alt=\"\" width=\"150\" height=\"150\" \/><\/a> <a href=\"https:\/\/cptafalla.educacion.navarra.es\/web\/wp-content\/uploads\/2024\/10\/MANDALA-OTONO-2-scaled.jpg\"><img loading=\"lazy\" class=\"alignnone size-thumbnail wp-image-9100\" src=\"https:\/\/cptafalla.educacion.navarra.es\/web\/wp-content\/uploads\/2024\/10\/MANDALA-OTONO-2-150x150.jpg\" alt=\"\" width=\"150\" height=\"150\" \/><\/a> <a href=\"https:\/\/cptafalla.educacion.navarra.es\/web\/wp-content\/uploads\/2024\/10\/MANDALA-OTONO-3-scaled.jpg\"><img loading=\"lazy\" class=\"alignnone size-thumbnail wp-image-9101\" src=\"https:\/\/cptafalla.educacion.navarra.es\/web\/wp-content\/uploads\/2024\/10\/MANDALA-OTONO-3-150x150.jpg\" alt=\"\" width=\"150\" height=\"150\" \/><\/a> <a href=\"https:\/\/cptafalla.educacion.navarra.es\/web\/wp-content\/uploads\/2024\/10\/MANDALA-OTONO-4-scaled.jpg\"><img loading=\"lazy\" class=\"alignnone size-thumbnail wp-image-9102\" src=\"https:\/\/cptafalla.educacion.navarra.es\/web\/wp-content\/uploads\/2024\/10\/MANDALA-OTONO-4-150x150.jpg\" alt=\"\" width=\"150\" height=\"150\" \/><\/a> <a href=\"https:\/\/cptafalla.educacion.navarra.es\/web\/wp-content\/uploads\/2024\/10\/MANDALA-OTONO-5-scaled.jpg\"><img loading=\"lazy\" class=\"alignnone size-thumbnail wp-image-9103\" src=\"https:\/\/cptafalla.educacion.navarra.es\/web\/wp-content\/uploads\/2024\/10\/MANDALA-OTONO-5-150x150.jpg\" alt=\"\" width=\"150\" height=\"150\" \/><\/a><\/p>\n","protected":false},"excerpt":{"rendered":"<p>La entrada del oto\u00f1o en Aula Estrella, con frutos secos que ya ten\u00edamos y con hojas y m\u00e1s plantas que hemos recogido del patio, hemos estado realizando unas mandalas de oto\u00f1o. Udazkenaren sarrera Izar Gelan, lehendik genituen fruitu lehorrekin eta patiotik jaso ditugun hosto eta landare gehiagorekin, udazkeneko mandalak egiten aritu gara.<\/p>\n","protected":false},"author":1,"featured_media":0,"comment_status":"closed","ping_status":"open","sticky":false,"template":"","format":"standard","meta":[],"categories":[1],"tags":[],"_links":{"self":[{"href":"https:\/\/cptafalla.educacion.navarra.es\/web\/wp-json\/wp\/v2\/posts\/9098"}],"collection":[{"href":"https:\/\/cptafalla.educacion.navarra.es\/web\/wp-json\/wp\/v2\/posts"}],"about":[{"href":"https:\/\/cptafalla.educacion.navarra.es\/web\/wp-json\/wp\/v2\/types\/post"}],"author":[{"embeddable":true,"href":"https:\/\/cptafalla.educacion.navarra.es\/web\/wp-json\/wp\/v2\/users\/1"}],"replies":[{"embeddable":true,"href":"https:\/\/cptafalla.educacion.navarra.es\/web\/wp-json\/wp\/v2\/comments?post=9098"}],"version-history":[{"count":1,"href":"https:\/\/cptafalla.educacion.navarra.es\/web\/wp-json\/wp\/v2\/posts\/9098\/revisions"}],"predecessor-version":[{"id":9104,"href":"https:\/\/cptafalla.educacion.navarra.es\/web\/wp-json\/wp\/v2\/posts\/9098\/revisions\/9104"}],"wp:attachment":[{"href":"https:\/\/cptafalla.educacion.navarra.es\/web\/wp-json\/wp\/v2\/media?parent=9098"}],"wp:term":[{"taxonomy":"category","embeddable":true,"href":"https:\/\/cptafalla.educacion.navarra.es\/web\/wp-json\/wp\/v2\/categories?post=9098"},{"taxonomy":"post_tag","embeddable":true,"href":"https:\/\/cptafalla.educacion.navarra.es\/web\/wp-json\/wp\/v2\/tags?post=9098"}],"curies":[{"name":"wp","href":"https:\/\/api.w.org\/{rel}","templated":true}]}}