{"id":9033,"date":"2024-06-23T16:39:10","date_gmt":"2024-06-23T14:39:10","guid":{"rendered":"https:\/\/cptafalla.educacion.navarra.es\/web\/?p=9033"},"modified":"2024-06-23T16:39:11","modified_gmt":"2024-06-23T14:39:11","slug":"proyecto-de-arte","status":"publish","type":"post","link":"https:\/\/cptafalla.educacion.navarra.es\/web\/2024\/06\/proyecto-de-arte\/","title":{"rendered":"PROYECTO DE ARTE"},"content":{"rendered":"\n<p>El alumnado de 3\u00ba y 4\u00ba de Primaria modelos A\/G culminaron su proyecto de arte con una exposici\u00f3n final a sus familiares. En ella, se expusieron en ingl\u00e9s datos hist\u00f3ricos, art\u00edsticos y del proceso creativo. \u00a1Gracias a todos y todas por venir!<\/p>\n<p>A\/G ereduko Lehen Hezkuntzako 3. eta 4. mailetako ikasleek senitartekoei egindako azken erakusketarekin amaitu zuten beren arte-proiektua. Bertan, ingelesez, datu historikoak, artistikoak eta sormen prozesukoak azaldu ziren. Eskerrik asko guztioi etortzeagatik!<\/p>\n<p><a href=\"https:\/\/cptafalla.educacion.navarra.es\/web\/wp-content\/uploads\/2024\/06\/IMG-20240618-WA0056.jpg\"><img loading=\"lazy\" class=\"alignnone size-thumbnail wp-image-9034\" src=\"https:\/\/cptafalla.educacion.navarra.es\/web\/wp-content\/uploads\/2024\/06\/IMG-20240618-WA0056-150x150.jpg\" alt=\"\" width=\"150\" height=\"150\" \/><\/a> <a href=\"https:\/\/cptafalla.educacion.navarra.es\/web\/wp-content\/uploads\/2024\/06\/IMG-20240618-WA0049.jpg\"><img loading=\"lazy\" class=\"alignnone size-thumbnail wp-image-9035\" src=\"https:\/\/cptafalla.educacion.navarra.es\/web\/wp-content\/uploads\/2024\/06\/IMG-20240618-WA0049-150x150.jpg\" alt=\"\" width=\"150\" height=\"150\" \/><\/a> <a href=\"https:\/\/cptafalla.educacion.navarra.es\/web\/wp-content\/uploads\/2024\/06\/IMG-20240618-WA0046.jpg\"><img loading=\"lazy\" class=\"alignnone size-thumbnail wp-image-9036\" src=\"https:\/\/cptafalla.educacion.navarra.es\/web\/wp-content\/uploads\/2024\/06\/IMG-20240618-WA0046-150x150.jpg\" alt=\"\" width=\"150\" height=\"150\" \/><\/a> <a href=\"https:\/\/cptafalla.educacion.navarra.es\/web\/wp-content\/uploads\/2024\/06\/IMG-20240618-WA0040.jpg\"><img loading=\"lazy\" class=\"alignnone size-thumbnail wp-image-9037\" src=\"https:\/\/cptafalla.educacion.navarra.es\/web\/wp-content\/uploads\/2024\/06\/IMG-20240618-WA0040-150x150.jpg\" alt=\"\" width=\"150\" height=\"150\" \/><\/a> <a href=\"https:\/\/cptafalla.educacion.navarra.es\/web\/wp-content\/uploads\/2024\/06\/IMG-20240618-WA0017.jpg\"><img loading=\"lazy\" class=\"alignnone size-thumbnail wp-image-9038\" src=\"https:\/\/cptafalla.educacion.navarra.es\/web\/wp-content\/uploads\/2024\/06\/IMG-20240618-WA0017-150x150.jpg\" alt=\"\" width=\"150\" height=\"150\" \/><\/a> <a href=\"https:\/\/cptafalla.educacion.navarra.es\/web\/wp-content\/uploads\/2024\/06\/IMG-20240618-WA0004.jpg\"><img loading=\"lazy\" class=\"alignnone size-thumbnail wp-image-9039\" src=\"https:\/\/cptafalla.educacion.navarra.es\/web\/wp-content\/uploads\/2024\/06\/IMG-20240618-WA0004-150x150.jpg\" alt=\"\" width=\"150\" height=\"150\" \/><\/a> <a href=\"https:\/\/cptafalla.educacion.navarra.es\/web\/wp-content\/uploads\/2024\/06\/1718968309059.jpg\"><img loading=\"lazy\" class=\"alignnone size-thumbnail wp-image-9040\" src=\"https:\/\/cptafalla.educacion.navarra.es\/web\/wp-content\/uploads\/2024\/06\/1718968309059-150x150.jpg\" alt=\"\" width=\"150\" height=\"150\" \/><\/a> <a href=\"https:\/\/cptafalla.educacion.navarra.es\/web\/wp-content\/uploads\/2024\/06\/1718968309041.jpg\"><img loading=\"lazy\" class=\"alignnone size-thumbnail wp-image-9041\" src=\"https:\/\/cptafalla.educacion.navarra.es\/web\/wp-content\/uploads\/2024\/06\/1718968309041-150x150.jpg\" alt=\"\" width=\"150\" height=\"150\" \/><\/a> <a href=\"https:\/\/cptafalla.educacion.navarra.es\/web\/wp-content\/uploads\/2024\/06\/1718968309022.jpg\"><img loading=\"lazy\" class=\"alignnone size-thumbnail wp-image-9042\" src=\"https:\/\/cptafalla.educacion.navarra.es\/web\/wp-content\/uploads\/2024\/06\/1718968309022-150x150.jpg\" alt=\"\" width=\"150\" height=\"150\" \/><\/a> <a href=\"https:\/\/cptafalla.educacion.navarra.es\/web\/wp-content\/uploads\/2024\/06\/1718968309003.jpg\"><img loading=\"lazy\" class=\"alignnone size-thumbnail wp-image-9043\" src=\"https:\/\/cptafalla.educacion.navarra.es\/web\/wp-content\/uploads\/2024\/06\/1718968309003-150x150.jpg\" alt=\"\" width=\"150\" height=\"150\" \/><\/a> <a href=\"https:\/\/cptafalla.educacion.navarra.es\/web\/wp-content\/uploads\/2024\/06\/1718968308981.jpg\"><img loading=\"lazy\" class=\"alignnone size-thumbnail wp-image-9044\" src=\"https:\/\/cptafalla.educacion.navarra.es\/web\/wp-content\/uploads\/2024\/06\/1718968308981-150x150.jpg\" alt=\"\" width=\"150\" height=\"150\" \/><\/a> <a href=\"https:\/\/cptafalla.educacion.navarra.es\/web\/wp-content\/uploads\/2024\/06\/20240614_132600-scaled.jpg\"><img loading=\"lazy\" class=\"alignnone size-thumbnail wp-image-9045\" src=\"https:\/\/cptafalla.educacion.navarra.es\/web\/wp-content\/uploads\/2024\/06\/20240614_132600-150x150.jpg\" alt=\"\" width=\"150\" height=\"150\" \/><\/a> <a href=\"https:\/\/cptafalla.educacion.navarra.es\/web\/wp-content\/uploads\/2024\/06\/20240614_130946-scaled.jpg\"><img loading=\"lazy\" class=\"alignnone size-thumbnail wp-image-9046\" src=\"https:\/\/cptafalla.educacion.navarra.es\/web\/wp-content\/uploads\/2024\/06\/20240614_130946-150x150.jpg\" alt=\"\" width=\"150\" height=\"150\" \/><\/a> <a href=\"https:\/\/cptafalla.educacion.navarra.es\/web\/wp-content\/uploads\/2024\/06\/1718705056039.jpg\"><img loading=\"lazy\" class=\"alignnone size-thumbnail wp-image-9047\" src=\"https:\/\/cptafalla.educacion.navarra.es\/web\/wp-content\/uploads\/2024\/06\/1718705056039-150x150.jpg\" alt=\"\" width=\"150\" height=\"150\" \/><\/a><\/p>\n","protected":false},"excerpt":{"rendered":"<p>El alumnado de 3\u00ba y 4\u00ba de Primaria modelos A\/G culminaron su proyecto de arte con una exposici\u00f3n final a sus familiares. En ella, se expusieron en ingl\u00e9s datos hist\u00f3ricos, art\u00edsticos y del proceso creativo. \u00a1Gracias a todos y todas por venir! A\/G ereduko Lehen Hezkuntzako 3. eta 4. mailetako ikasleek senitartekoei egindako azken erakusketarekin &hellip; <a href=\"https:\/\/cptafalla.educacion.navarra.es\/web\/2024\/06\/proyecto-de-arte\/\" class=\"more-link\">Seguir leyendo <span class=\"screen-reader-text\">PROYECTO DE ARTE<\/span> <span class=\"meta-nav\">&rarr;<\/span><\/a><\/p>\n","protected":false},"author":1,"featured_media":0,"comment_status":"closed","ping_status":"open","sticky":false,"template":"","format":"standard","meta":[],"categories":[1],"tags":[],"_links":{"self":[{"href":"https:\/\/cptafalla.educacion.navarra.es\/web\/wp-json\/wp\/v2\/posts\/9033"}],"collection":[{"href":"https:\/\/cptafalla.educacion.navarra.es\/web\/wp-json\/wp\/v2\/posts"}],"about":[{"href":"https:\/\/cptafalla.educacion.navarra.es\/web\/wp-json\/wp\/v2\/types\/post"}],"author":[{"embeddable":true,"href":"https:\/\/cptafalla.educacion.navarra.es\/web\/wp-json\/wp\/v2\/users\/1"}],"replies":[{"embeddable":true,"href":"https:\/\/cptafalla.educacion.navarra.es\/web\/wp-json\/wp\/v2\/comments?post=9033"}],"version-history":[{"count":1,"href":"https:\/\/cptafalla.educacion.navarra.es\/web\/wp-json\/wp\/v2\/posts\/9033\/revisions"}],"predecessor-version":[{"id":9048,"href":"https:\/\/cptafalla.educacion.navarra.es\/web\/wp-json\/wp\/v2\/posts\/9033\/revisions\/9048"}],"wp:attachment":[{"href":"https:\/\/cptafalla.educacion.navarra.es\/web\/wp-json\/wp\/v2\/media?parent=9033"}],"wp:term":[{"taxonomy":"category","embeddable":true,"href":"https:\/\/cptafalla.educacion.navarra.es\/web\/wp-json\/wp\/v2\/categories?post=9033"},{"taxonomy":"post_tag","embeddable":true,"href":"https:\/\/cptafalla.educacion.navarra.es\/web\/wp-json\/wp\/v2\/tags?post=9033"}],"curies":[{"name":"wp","href":"https:\/\/api.w.org\/{rel}","templated":true}]}}