{"id":8816,"date":"2024-05-24T12:24:54","date_gmt":"2024-05-24T10:24:54","guid":{"rendered":"https:\/\/cptafalla.educacion.navarra.es\/web\/?p=8816"},"modified":"2024-05-24T12:24:55","modified_gmt":"2024-05-24T10:24:55","slug":"viaje-con-talleres","status":"publish","type":"post","link":"https:\/\/cptafalla.educacion.navarra.es\/web\/2024\/05\/viaje-con-talleres\/","title":{"rendered":"VIAJE CON TALLERES"},"content":{"rendered":"\n<p>En el Taller de Lengua 5\u00baB \u2013 G, hemos realizado un \u201cPeque\u00f1o diccionario de viaje\u201d en forma de tr\u00edptico con algunos de los idiomas que hay en nuestra clase: Chino, B\u00falgaro y \u00c1rabe. Con un c\u00f3digo QR con el que acceder\u00e1s directamente al v\u00eddeo.<\/p>\n<p>En el v\u00eddeo podr\u00e9is escuchar c\u00f3mo suenan algunas de estas palabras.<\/p>\n<p>\u00a1Te invitamos a que disfrutes de este peque\u00f1o viaje por la cultura de los idiomas y sus alfabetos!<\/p>\n<h6 align=\"left\">LH5. B \u2013 G Hizkuntza Tailerrean, &#8220;Bidaia-hiztegi txiki&#8221; bat egin dugu triptiko moduan, gure klasean dauden hizkuntza batzuekin: txinera, bulgariera eta arabiera. QR kode batekin zuzenean sartuko zara bideoan.<br \/><br \/>Bideoan hitz horietako batzuk entzuten dituzue.<br \/><br \/>Hizkuntzen kulturaren eta alfabetoen aldeko bidaia txiki honetaz gozatzera gonbidatzen zaitugu!<\/h6>\n<p>\u00a0<\/p>\n\n\n<a href=\"https:\/\/cptafalla.educacion.navarra.es\/web\/wp-content\/uploads\/2024\/05\/Folleto-de-viaje-1.pdf\" class=\"pdfemb-viewer\" style=\"\" data-width=\"max\" data-height=\"max\" data-toolbar=\"bottom\" data-toolbar-fixed=\"off\">Folleto-de-viaje-1<\/a>\n\n\n\n\n<figure class=\"wp-block-embed is-type-video is-provider-youtube wp-block-embed-youtube wp-embed-aspect-16-9 wp-has-aspect-ratio\"><div class=\"wp-block-embed__wrapper\">\n<iframe loading=\"lazy\" title=\"Viaje con talleres 1\" width=\"474\" height=\"267\" src=\"https:\/\/www.youtube.com\/embed\/7M5bZE1lm_0?feature=oembed\" frameborder=\"0\" allow=\"accelerometer; autoplay; clipboard-write; encrypted-media; gyroscope; picture-in-picture; web-share\" referrerpolicy=\"strict-origin-when-cross-origin\" allowfullscreen><\/iframe>\n<\/div><\/figure>\n","protected":false},"excerpt":{"rendered":"<p>En el Taller de Lengua 5\u00baB \u2013 G, hemos realizado un \u201cPeque\u00f1o diccionario de viaje\u201d en forma de tr\u00edptico con algunos de los idiomas que hay en nuestra clase: Chino, B\u00falgaro y \u00c1rabe. Con un c\u00f3digo QR con el que acceder\u00e1s directamente al v\u00eddeo. En el v\u00eddeo podr\u00e9is escuchar c\u00f3mo suenan algunas de estas palabras. &hellip; <a href=\"https:\/\/cptafalla.educacion.navarra.es\/web\/2024\/05\/viaje-con-talleres\/\" class=\"more-link\">Seguir leyendo <span class=\"screen-reader-text\">VIAJE CON TALLERES<\/span> <span class=\"meta-nav\">&rarr;<\/span><\/a><\/p>\n","protected":false},"author":1,"featured_media":0,"comment_status":"closed","ping_status":"open","sticky":false,"template":"","format":"standard","meta":[],"categories":[1],"tags":[],"_links":{"self":[{"href":"https:\/\/cptafalla.educacion.navarra.es\/web\/wp-json\/wp\/v2\/posts\/8816"}],"collection":[{"href":"https:\/\/cptafalla.educacion.navarra.es\/web\/wp-json\/wp\/v2\/posts"}],"about":[{"href":"https:\/\/cptafalla.educacion.navarra.es\/web\/wp-json\/wp\/v2\/types\/post"}],"author":[{"embeddable":true,"href":"https:\/\/cptafalla.educacion.navarra.es\/web\/wp-json\/wp\/v2\/users\/1"}],"replies":[{"embeddable":true,"href":"https:\/\/cptafalla.educacion.navarra.es\/web\/wp-json\/wp\/v2\/comments?post=8816"}],"version-history":[{"count":1,"href":"https:\/\/cptafalla.educacion.navarra.es\/web\/wp-json\/wp\/v2\/posts\/8816\/revisions"}],"predecessor-version":[{"id":8818,"href":"https:\/\/cptafalla.educacion.navarra.es\/web\/wp-json\/wp\/v2\/posts\/8816\/revisions\/8818"}],"wp:attachment":[{"href":"https:\/\/cptafalla.educacion.navarra.es\/web\/wp-json\/wp\/v2\/media?parent=8816"}],"wp:term":[{"taxonomy":"category","embeddable":true,"href":"https:\/\/cptafalla.educacion.navarra.es\/web\/wp-json\/wp\/v2\/categories?post=8816"},{"taxonomy":"post_tag","embeddable":true,"href":"https:\/\/cptafalla.educacion.navarra.es\/web\/wp-json\/wp\/v2\/tags?post=8816"}],"curies":[{"name":"wp","href":"https:\/\/api.w.org\/{rel}","templated":true}]}}