{"id":8798,"date":"2024-05-23T16:20:52","date_gmt":"2024-05-23T14:20:52","guid":{"rendered":"https:\/\/cptafalla.educacion.navarra.es\/web\/?p=8798"},"modified":"2024-05-23T16:20:52","modified_gmt":"2024-05-23T14:20:52","slug":"comida-campestre-landa-bazkaria","status":"publish","type":"post","link":"https:\/\/cptafalla.educacion.navarra.es\/web\/2024\/05\/comida-campestre-landa-bazkaria\/","title":{"rendered":"COMIDA CAMPESTRE\/ LANDA BAZKARIA"},"content":{"rendered":"\n<p>Para celebrar un d\u00eda especial ya que se va acabando mayo, el martes, d\u00eda 21 de mayo, el alumnado del comedor sali\u00f3 al patio a comer. Tuvieron una comida campestre muy especial. Pincho de tortilla, hamburguesa con tomate y de postre helado.\u00a0<\/p>\n<p>Despu\u00e9s de la comida tuvieron tiempo para hacer diferentes juegos entre todos y todas.<\/p>\n<p>\u00a1Se lo pasaron en grande!<\/p>\n<p>Maiatza amaiatzen ari dela eta, asteartean, maiatzaren 21ean, jantokian geratzen den ikaslegoa patiora atera zen bazkaltzera. Landa bazkari berezia izan zuten; tortila pintxia, hanburgesa tomatearekin eta postrerako izozkia.\u00a0<\/p>\n<p>Bazkari ondoren beraien artean joku desberdinak egiteko denbora ere izan zuten.<\/p>\n<p>Primeran pasatu zuten!<\/p>\n<p><a href=\"https:\/\/cptafalla.educacion.navarra.es\/web\/wp-content\/uploads\/2024\/05\/IMG-20240521-WA0003.jpg\"><img loading=\"lazy\" class=\"alignnone size-thumbnail wp-image-8799\" src=\"https:\/\/cptafalla.educacion.navarra.es\/web\/wp-content\/uploads\/2024\/05\/IMG-20240521-WA0003-150x150.jpg\" alt=\"\" width=\"150\" height=\"150\" \/><\/a> <a href=\"https:\/\/cptafalla.educacion.navarra.es\/web\/wp-content\/uploads\/2024\/05\/IMG-20240521-WA0005.jpg\"><img loading=\"lazy\" class=\"alignnone size-thumbnail wp-image-8800\" src=\"https:\/\/cptafalla.educacion.navarra.es\/web\/wp-content\/uploads\/2024\/05\/IMG-20240521-WA0005-150x150.jpg\" alt=\"\" width=\"150\" height=\"150\" \/><\/a> <a href=\"https:\/\/cptafalla.educacion.navarra.es\/web\/wp-content\/uploads\/2024\/05\/IMG-20240521-WA0006.jpg\"><img loading=\"lazy\" class=\"alignnone size-thumbnail wp-image-8801\" src=\"https:\/\/cptafalla.educacion.navarra.es\/web\/wp-content\/uploads\/2024\/05\/IMG-20240521-WA0006-150x150.jpg\" alt=\"\" width=\"150\" height=\"150\" \/><\/a> <a href=\"https:\/\/cptafalla.educacion.navarra.es\/web\/wp-content\/uploads\/2024\/05\/IMG-20240521-WA0007.jpg\"><img loading=\"lazy\" class=\"alignnone size-thumbnail wp-image-8802\" src=\"https:\/\/cptafalla.educacion.navarra.es\/web\/wp-content\/uploads\/2024\/05\/IMG-20240521-WA0007-150x150.jpg\" alt=\"\" width=\"150\" height=\"150\" \/><\/a> <a href=\"https:\/\/cptafalla.educacion.navarra.es\/web\/wp-content\/uploads\/2024\/05\/IMG-20240521-WA0008.jpg\"><img loading=\"lazy\" class=\"alignnone size-thumbnail wp-image-8803\" src=\"https:\/\/cptafalla.educacion.navarra.es\/web\/wp-content\/uploads\/2024\/05\/IMG-20240521-WA0008-150x150.jpg\" alt=\"\" width=\"150\" height=\"150\" \/><\/a> <a href=\"https:\/\/cptafalla.educacion.navarra.es\/web\/wp-content\/uploads\/2024\/05\/IMG-20240521-WA0009.jpg\"><img loading=\"lazy\" class=\"alignnone size-thumbnail wp-image-8804\" src=\"https:\/\/cptafalla.educacion.navarra.es\/web\/wp-content\/uploads\/2024\/05\/IMG-20240521-WA0009-150x150.jpg\" alt=\"\" width=\"150\" height=\"150\" \/><\/a> <a href=\"https:\/\/cptafalla.educacion.navarra.es\/web\/wp-content\/uploads\/2024\/05\/IMG-20240521-WA0010.jpg\"><img loading=\"lazy\" class=\"alignnone size-thumbnail wp-image-8805\" src=\"https:\/\/cptafalla.educacion.navarra.es\/web\/wp-content\/uploads\/2024\/05\/IMG-20240521-WA0010-150x150.jpg\" alt=\"\" width=\"150\" height=\"150\" \/><\/a> <a href=\"https:\/\/cptafalla.educacion.navarra.es\/web\/wp-content\/uploads\/2024\/05\/IMG-20240523-WA0005.jpg\"><img loading=\"lazy\" class=\"alignnone size-thumbnail wp-image-8806\" src=\"https:\/\/cptafalla.educacion.navarra.es\/web\/wp-content\/uploads\/2024\/05\/IMG-20240523-WA0005-150x150.jpg\" alt=\"\" width=\"150\" height=\"150\" \/><\/a> <a href=\"https:\/\/cptafalla.educacion.navarra.es\/web\/wp-content\/uploads\/2024\/05\/IMG-20240523-WA0006.jpg\"><img loading=\"lazy\" class=\"alignnone size-thumbnail wp-image-8807\" src=\"https:\/\/cptafalla.educacion.navarra.es\/web\/wp-content\/uploads\/2024\/05\/IMG-20240523-WA0006-150x150.jpg\" alt=\"\" width=\"150\" height=\"150\" \/><\/a> <a href=\"https:\/\/cptafalla.educacion.navarra.es\/web\/wp-content\/uploads\/2024\/05\/IMG-20240523-WA0007.jpg\"><img loading=\"lazy\" class=\"alignnone size-thumbnail wp-image-8808\" src=\"https:\/\/cptafalla.educacion.navarra.es\/web\/wp-content\/uploads\/2024\/05\/IMG-20240523-WA0007-150x150.jpg\" alt=\"\" width=\"150\" height=\"150\" \/><\/a> <a href=\"https:\/\/cptafalla.educacion.navarra.es\/web\/wp-content\/uploads\/2024\/05\/IMG-20240523-WA0008.jpg\"><img loading=\"lazy\" class=\"alignnone size-thumbnail wp-image-8809\" src=\"https:\/\/cptafalla.educacion.navarra.es\/web\/wp-content\/uploads\/2024\/05\/IMG-20240523-WA0008-150x150.jpg\" alt=\"\" width=\"150\" height=\"150\" \/><\/a> <a href=\"https:\/\/cptafalla.educacion.navarra.es\/web\/wp-content\/uploads\/2024\/05\/IMG-20240523-WA0009.jpg\"><img loading=\"lazy\" class=\"alignnone size-thumbnail wp-image-8810\" src=\"https:\/\/cptafalla.educacion.navarra.es\/web\/wp-content\/uploads\/2024\/05\/IMG-20240523-WA0009-150x150.jpg\" alt=\"\" width=\"150\" height=\"150\" \/><\/a> <a href=\"https:\/\/cptafalla.educacion.navarra.es\/web\/wp-content\/uploads\/2024\/05\/IMG-20240523-WA0010.jpg\"><img loading=\"lazy\" class=\"alignnone size-thumbnail wp-image-8811\" src=\"https:\/\/cptafalla.educacion.navarra.es\/web\/wp-content\/uploads\/2024\/05\/IMG-20240523-WA0010-150x150.jpg\" alt=\"\" width=\"150\" height=\"150\" \/><\/a> <a href=\"https:\/\/cptafalla.educacion.navarra.es\/web\/wp-content\/uploads\/2024\/05\/IMG-20240523-WA0018-scaled.jpg\"><img loading=\"lazy\" class=\"alignnone size-thumbnail wp-image-8812\" src=\"https:\/\/cptafalla.educacion.navarra.es\/web\/wp-content\/uploads\/2024\/05\/IMG-20240523-WA0018-150x150.jpg\" alt=\"\" width=\"150\" height=\"150\" \/><\/a><\/p>\n","protected":false},"excerpt":{"rendered":"<p>Para celebrar un d\u00eda especial ya que se va acabando mayo, el martes, d\u00eda 21 de mayo, el alumnado del comedor sali\u00f3 al patio a comer. Tuvieron una comida campestre muy especial. Pincho de tortilla, hamburguesa con tomate y de postre helado.\u00a0 Despu\u00e9s de la comida tuvieron tiempo para hacer diferentes juegos entre todos y &hellip; <a href=\"https:\/\/cptafalla.educacion.navarra.es\/web\/2024\/05\/comida-campestre-landa-bazkaria\/\" class=\"more-link\">Seguir leyendo <span class=\"screen-reader-text\">COMIDA CAMPESTRE\/ LANDA BAZKARIA<\/span> <span class=\"meta-nav\">&rarr;<\/span><\/a><\/p>\n","protected":false},"author":1,"featured_media":0,"comment_status":"closed","ping_status":"open","sticky":false,"template":"","format":"standard","meta":[],"categories":[1],"tags":[],"_links":{"self":[{"href":"https:\/\/cptafalla.educacion.navarra.es\/web\/wp-json\/wp\/v2\/posts\/8798"}],"collection":[{"href":"https:\/\/cptafalla.educacion.navarra.es\/web\/wp-json\/wp\/v2\/posts"}],"about":[{"href":"https:\/\/cptafalla.educacion.navarra.es\/web\/wp-json\/wp\/v2\/types\/post"}],"author":[{"embeddable":true,"href":"https:\/\/cptafalla.educacion.navarra.es\/web\/wp-json\/wp\/v2\/users\/1"}],"replies":[{"embeddable":true,"href":"https:\/\/cptafalla.educacion.navarra.es\/web\/wp-json\/wp\/v2\/comments?post=8798"}],"version-history":[{"count":1,"href":"https:\/\/cptafalla.educacion.navarra.es\/web\/wp-json\/wp\/v2\/posts\/8798\/revisions"}],"predecessor-version":[{"id":8814,"href":"https:\/\/cptafalla.educacion.navarra.es\/web\/wp-json\/wp\/v2\/posts\/8798\/revisions\/8814"}],"wp:attachment":[{"href":"https:\/\/cptafalla.educacion.navarra.es\/web\/wp-json\/wp\/v2\/media?parent=8798"}],"wp:term":[{"taxonomy":"category","embeddable":true,"href":"https:\/\/cptafalla.educacion.navarra.es\/web\/wp-json\/wp\/v2\/categories?post=8798"},{"taxonomy":"post_tag","embeddable":true,"href":"https:\/\/cptafalla.educacion.navarra.es\/web\/wp-json\/wp\/v2\/tags?post=8798"}],"curies":[{"name":"wp","href":"https:\/\/api.w.org\/{rel}","templated":true}]}}