{"id":8648,"date":"2024-04-23T13:30:46","date_gmt":"2024-04-23T11:30:46","guid":{"rendered":"https:\/\/cptafalla.educacion.navarra.es\/web\/?p=8648"},"modified":"2024-04-23T13:30:47","modified_gmt":"2024-04-23T11:30:47","slug":"educacion-vial","status":"publish","type":"post","link":"https:\/\/cptafalla.educacion.navarra.es\/web\/2024\/04\/educacion-vial\/","title":{"rendered":"EDUCACI\u00d3N VIAL"},"content":{"rendered":"\n<p>El pasado jueves 18 el alumnado de 6\u00ba de Educaci\u00f3n Primaria recibi\u00f3 la visita de la polic\u00eda Municipal para realizar una formaci\u00f3n sobre Educaci\u00f3n Vial por las calles de Tafalla. \u00a1Disfrutaron mucho de la experiencia!<\/p>\n<p>Joan den ostegunean, hilak 18, Lehen Hezkuntzako 6 mailako ikasleek Udaltzaingoaren bisita jaso zuten Tafallako kaleetan Bide Hezkuntzari buruzko prestakuntza bat egiteko. Asko gozatu zuten esperientziaz!<\/p>\n<p><a href=\"https:\/\/cptafalla.educacion.navarra.es\/web\/wp-content\/uploads\/2024\/04\/0a535d2b-8f94-4d8c-bb34-de8fc389c21d.jpeg\"><img loading=\"lazy\" class=\"alignnone size-thumbnail wp-image-8649\" src=\"https:\/\/cptafalla.educacion.navarra.es\/web\/wp-content\/uploads\/2024\/04\/0a535d2b-8f94-4d8c-bb34-de8fc389c21d-150x150.jpeg\" alt=\"\" width=\"150\" height=\"150\" \/><\/a> <a href=\"https:\/\/cptafalla.educacion.navarra.es\/web\/wp-content\/uploads\/2024\/04\/0c2b8afd-0489-4694-9052-b31ddac7bcbe.jpeg\"><img loading=\"lazy\" class=\"alignnone size-thumbnail wp-image-8650\" src=\"https:\/\/cptafalla.educacion.navarra.es\/web\/wp-content\/uploads\/2024\/04\/0c2b8afd-0489-4694-9052-b31ddac7bcbe-150x150.jpeg\" alt=\"\" width=\"150\" height=\"150\" \/><\/a> <a href=\"https:\/\/cptafalla.educacion.navarra.es\/web\/wp-content\/uploads\/2024\/04\/32b31489-79a9-429a-a17e-b5dd178dd3da.jpg\"><img loading=\"lazy\" class=\"alignnone size-thumbnail wp-image-8651\" src=\"https:\/\/cptafalla.educacion.navarra.es\/web\/wp-content\/uploads\/2024\/04\/32b31489-79a9-429a-a17e-b5dd178dd3da-150x150.jpg\" alt=\"\" width=\"150\" height=\"150\" \/><\/a> <a href=\"https:\/\/cptafalla.educacion.navarra.es\/web\/wp-content\/uploads\/2024\/04\/046da5ce-334f-4911-bf29-216c0803196f.jpeg\"><img loading=\"lazy\" class=\"alignnone size-thumbnail wp-image-8652\" src=\"https:\/\/cptafalla.educacion.navarra.es\/web\/wp-content\/uploads\/2024\/04\/046da5ce-334f-4911-bf29-216c0803196f-150x150.jpeg\" alt=\"\" width=\"150\" height=\"150\" \/><\/a> <a href=\"https:\/\/cptafalla.educacion.navarra.es\/web\/wp-content\/uploads\/2024\/04\/77be5292-dfdb-49fd-9d27-4dc611920743.jpeg\"><img loading=\"lazy\" class=\"alignnone size-thumbnail wp-image-8653\" src=\"https:\/\/cptafalla.educacion.navarra.es\/web\/wp-content\/uploads\/2024\/04\/77be5292-dfdb-49fd-9d27-4dc611920743-150x150.jpeg\" alt=\"\" width=\"150\" height=\"150\" \/><\/a> <a href=\"https:\/\/cptafalla.educacion.navarra.es\/web\/wp-content\/uploads\/2024\/04\/16369d9d-e8f9-4f9d-869f-dfa981df673d.jpg\"><img loading=\"lazy\" class=\"alignnone size-thumbnail wp-image-8654\" src=\"https:\/\/cptafalla.educacion.navarra.es\/web\/wp-content\/uploads\/2024\/04\/16369d9d-e8f9-4f9d-869f-dfa981df673d-150x150.jpg\" alt=\"\" width=\"150\" height=\"150\" \/><\/a> <a href=\"https:\/\/cptafalla.educacion.navarra.es\/web\/wp-content\/uploads\/2024\/04\/bcfcd88a-3341-4be8-908b-28f09a5b2f15.jpeg\"><img loading=\"lazy\" class=\"alignnone size-thumbnail wp-image-8655\" src=\"https:\/\/cptafalla.educacion.navarra.es\/web\/wp-content\/uploads\/2024\/04\/bcfcd88a-3341-4be8-908b-28f09a5b2f15-150x150.jpeg\" alt=\"\" width=\"150\" height=\"150\" \/><\/a> <a href=\"https:\/\/cptafalla.educacion.navarra.es\/web\/wp-content\/uploads\/2024\/04\/c33ec7f4-50bf-4c49-b9f2-10b07fb7fbfc.jpg\"><img loading=\"lazy\" class=\"alignnone size-thumbnail wp-image-8656\" src=\"https:\/\/cptafalla.educacion.navarra.es\/web\/wp-content\/uploads\/2024\/04\/c33ec7f4-50bf-4c49-b9f2-10b07fb7fbfc-150x150.jpg\" alt=\"\" width=\"150\" height=\"150\" \/><\/a> <a href=\"https:\/\/cptafalla.educacion.navarra.es\/web\/wp-content\/uploads\/2024\/04\/IMG_7011-scaled.jpeg\"><img loading=\"lazy\" class=\"alignnone size-thumbnail wp-image-8657\" src=\"https:\/\/cptafalla.educacion.navarra.es\/web\/wp-content\/uploads\/2024\/04\/IMG_7011-150x150.jpeg\" alt=\"\" width=\"150\" height=\"150\" \/><\/a> <a href=\"https:\/\/cptafalla.educacion.navarra.es\/web\/wp-content\/uploads\/2024\/04\/IMG_7008.jpg\"><img loading=\"lazy\" class=\"alignnone size-thumbnail wp-image-8658\" src=\"https:\/\/cptafalla.educacion.navarra.es\/web\/wp-content\/uploads\/2024\/04\/IMG_7008-150x150.jpg\" alt=\"\" width=\"150\" height=\"150\" \/><\/a> <a href=\"https:\/\/cptafalla.educacion.navarra.es\/web\/wp-content\/uploads\/2024\/04\/IMG_7009.jpg\"><img loading=\"lazy\" class=\"alignnone size-thumbnail wp-image-8659\" src=\"https:\/\/cptafalla.educacion.navarra.es\/web\/wp-content\/uploads\/2024\/04\/IMG_7009-150x150.jpg\" alt=\"\" width=\"150\" height=\"150\" \/><\/a> <a href=\"https:\/\/cptafalla.educacion.navarra.es\/web\/wp-content\/uploads\/2024\/04\/IMG_7010.jpg\"><img loading=\"lazy\" class=\"alignnone size-thumbnail wp-image-8660\" src=\"https:\/\/cptafalla.educacion.navarra.es\/web\/wp-content\/uploads\/2024\/04\/IMG_7010-150x150.jpg\" alt=\"\" width=\"150\" height=\"150\" \/><\/a><\/p>\n","protected":false},"excerpt":{"rendered":"<p>El pasado jueves 18 el alumnado de 6\u00ba de Educaci\u00f3n Primaria recibi\u00f3 la visita de la polic\u00eda Municipal para realizar una formaci\u00f3n sobre Educaci\u00f3n Vial por las calles de Tafalla. \u00a1Disfrutaron mucho de la experiencia! Joan den ostegunean, hilak 18, Lehen Hezkuntzako 6 mailako ikasleek Udaltzaingoaren bisita jaso zuten Tafallako kaleetan Bide Hezkuntzari buruzko prestakuntza &hellip; <a href=\"https:\/\/cptafalla.educacion.navarra.es\/web\/2024\/04\/educacion-vial\/\" class=\"more-link\">Seguir leyendo <span class=\"screen-reader-text\">EDUCACI\u00d3N VIAL<\/span> <span class=\"meta-nav\">&rarr;<\/span><\/a><\/p>\n","protected":false},"author":1,"featured_media":0,"comment_status":"closed","ping_status":"open","sticky":false,"template":"","format":"standard","meta":[],"categories":[1],"tags":[],"_links":{"self":[{"href":"https:\/\/cptafalla.educacion.navarra.es\/web\/wp-json\/wp\/v2\/posts\/8648"}],"collection":[{"href":"https:\/\/cptafalla.educacion.navarra.es\/web\/wp-json\/wp\/v2\/posts"}],"about":[{"href":"https:\/\/cptafalla.educacion.navarra.es\/web\/wp-json\/wp\/v2\/types\/post"}],"author":[{"embeddable":true,"href":"https:\/\/cptafalla.educacion.navarra.es\/web\/wp-json\/wp\/v2\/users\/1"}],"replies":[{"embeddable":true,"href":"https:\/\/cptafalla.educacion.navarra.es\/web\/wp-json\/wp\/v2\/comments?post=8648"}],"version-history":[{"count":1,"href":"https:\/\/cptafalla.educacion.navarra.es\/web\/wp-json\/wp\/v2\/posts\/8648\/revisions"}],"predecessor-version":[{"id":8662,"href":"https:\/\/cptafalla.educacion.navarra.es\/web\/wp-json\/wp\/v2\/posts\/8648\/revisions\/8662"}],"wp:attachment":[{"href":"https:\/\/cptafalla.educacion.navarra.es\/web\/wp-json\/wp\/v2\/media?parent=8648"}],"wp:term":[{"taxonomy":"category","embeddable":true,"href":"https:\/\/cptafalla.educacion.navarra.es\/web\/wp-json\/wp\/v2\/categories?post=8648"},{"taxonomy":"post_tag","embeddable":true,"href":"https:\/\/cptafalla.educacion.navarra.es\/web\/wp-json\/wp\/v2\/tags?post=8648"}],"curies":[{"name":"wp","href":"https:\/\/api.w.org\/{rel}","templated":true}]}}