{"id":8057,"date":"2024-01-28T11:27:13","date_gmt":"2024-01-28T10:27:13","guid":{"rendered":"https:\/\/cptafalla.educacion.navarra.es\/web\/?p=8057"},"modified":"2024-01-28T11:30:53","modified_gmt":"2024-01-28T10:30:53","slug":"hezkidetza-txokoarincon-coeducativo","status":"publish","type":"post","link":"https:\/\/cptafalla.educacion.navarra.es\/web\/2024\/01\/hezkidetza-txokoarincon-coeducativo\/","title":{"rendered":"HEZKIDETZA TXOKOA<BR>RINC\u00d3N COEDUCATIVO"},"content":{"rendered":"\n<p>Oraingoan, hezkidetzaren txokoa, 4. mailako ikasleek apaindu dute, horretarako kartel bat egin dute historian zehar garrantzitsuak izan diren emakumeekin, denboraren lerro batean irudikatuta. Emakume horien argazkiak inprimatu ziren, haiei buruzko informazioa gaztelaniaz eta euskaraz emanez, eta ikasleek denbora-tarte horretan jarri zituzten. Aurreko aldian bezala, ahal duzuen neurrian zuen ikasleekin txokoa bisitatzera animatzen zaituztegu.<\/p>\n<p>Esta vez la decoraci\u00f3n de la entrada en el rinc\u00f3n coeducativo, la ha realizado el alumnado de 4\u00ba, han elaborado un cartel con mujeres relevantes a lo largo de la historia, representadas en una l\u00ednea del tiempo. Se imprimieron fotograf\u00edas de dichas mujeres, con informaci\u00f3n sobre ellas en castellano y euskera, y el alumnado las coloc\u00f3 en dicha l\u00ednea del tiempo. Como la vez anterior, os animamos en la medida que os sea posible a visitar el rinc\u00f3n con vuestro alumnado.\u00a0<\/p>\n<p>\u00a0<\/p>\n<p><a href=\"https:\/\/cptafalla.educacion.navarra.es\/web\/wp-content\/uploads\/2024\/01\/20240126_131812-scaled.jpg\"><img loading=\"lazy\" class=\"wp-image-8058  alignright\" src=\"https:\/\/cptafalla.educacion.navarra.es\/web\/wp-content\/uploads\/2024\/01\/20240126_131812-300x225.jpg\" alt=\"\" width=\"262\" height=\"196\" srcset=\"https:\/\/cptafalla.educacion.navarra.es\/web\/wp-content\/uploads\/2024\/01\/20240126_131812-300x225.jpg 300w, https:\/\/cptafalla.educacion.navarra.es\/web\/wp-content\/uploads\/2024\/01\/20240126_131812-1024x768.jpg 1024w, https:\/\/cptafalla.educacion.navarra.es\/web\/wp-content\/uploads\/2024\/01\/20240126_131812-768x576.jpg 768w, https:\/\/cptafalla.educacion.navarra.es\/web\/wp-content\/uploads\/2024\/01\/20240126_131812-1536x1152.jpg 1536w, https:\/\/cptafalla.educacion.navarra.es\/web\/wp-content\/uploads\/2024\/01\/20240126_131812-2048x1536.jpg 2048w\" sizes=\"(max-width: 262px) 100vw, 262px\" \/><\/a><a href=\"https:\/\/cptafalla.educacion.navarra.es\/web\/wp-content\/uploads\/2024\/01\/20240126_131719.jpg\"><img loading=\"lazy\" class=\"alignnone  wp-image-8059\" src=\"https:\/\/cptafalla.educacion.navarra.es\/web\/wp-content\/uploads\/2024\/01\/20240126_131719-150x150.jpg\" alt=\"\" width=\"210\" height=\"210\" \/><\/a><\/p>\n","protected":false},"excerpt":{"rendered":"<p>Oraingoan, hezkidetzaren txokoa, 4. mailako ikasleek apaindu dute, horretarako kartel bat egin dute historian zehar garrantzitsuak izan diren emakumeekin, denboraren lerro batean irudikatuta. Emakume horien argazkiak inprimatu ziren, haiei buruzko informazioa gaztelaniaz eta euskaraz emanez, eta ikasleek denbora-tarte horretan jarri zituzten. Aurreko aldian bezala, ahal duzuen neurrian zuen ikasleekin txokoa bisitatzera animatzen zaituztegu. Esta vez &hellip; <a href=\"https:\/\/cptafalla.educacion.navarra.es\/web\/2024\/01\/hezkidetza-txokoarincon-coeducativo\/\" class=\"more-link\">Seguir leyendo <span class=\"screen-reader-text\">HEZKIDETZA TXOKOA<BR>RINC\u00d3N COEDUCATIVO<\/span> <span class=\"meta-nav\">&rarr;<\/span><\/a><\/p>\n","protected":false},"author":1,"featured_media":0,"comment_status":"closed","ping_status":"open","sticky":false,"template":"","format":"standard","meta":[],"categories":[1],"tags":[],"_links":{"self":[{"href":"https:\/\/cptafalla.educacion.navarra.es\/web\/wp-json\/wp\/v2\/posts\/8057"}],"collection":[{"href":"https:\/\/cptafalla.educacion.navarra.es\/web\/wp-json\/wp\/v2\/posts"}],"about":[{"href":"https:\/\/cptafalla.educacion.navarra.es\/web\/wp-json\/wp\/v2\/types\/post"}],"author":[{"embeddable":true,"href":"https:\/\/cptafalla.educacion.navarra.es\/web\/wp-json\/wp\/v2\/users\/1"}],"replies":[{"embeddable":true,"href":"https:\/\/cptafalla.educacion.navarra.es\/web\/wp-json\/wp\/v2\/comments?post=8057"}],"version-history":[{"count":2,"href":"https:\/\/cptafalla.educacion.navarra.es\/web\/wp-json\/wp\/v2\/posts\/8057\/revisions"}],"predecessor-version":[{"id":8062,"href":"https:\/\/cptafalla.educacion.navarra.es\/web\/wp-json\/wp\/v2\/posts\/8057\/revisions\/8062"}],"wp:attachment":[{"href":"https:\/\/cptafalla.educacion.navarra.es\/web\/wp-json\/wp\/v2\/media?parent=8057"}],"wp:term":[{"taxonomy":"category","embeddable":true,"href":"https:\/\/cptafalla.educacion.navarra.es\/web\/wp-json\/wp\/v2\/categories?post=8057"},{"taxonomy":"post_tag","embeddable":true,"href":"https:\/\/cptafalla.educacion.navarra.es\/web\/wp-json\/wp\/v2\/tags?post=8057"}],"curies":[{"name":"wp","href":"https:\/\/api.w.org\/{rel}","templated":true}]}}