{"id":7745,"date":"2023-11-08T09:42:38","date_gmt":"2023-11-08T08:42:38","guid":{"rendered":"https:\/\/cptafalla.educacion.navarra.es\/web\/?p=7745"},"modified":"2023-11-08T09:42:39","modified_gmt":"2023-11-08T08:42:39","slug":"moviles-de-sangre-premio-nacional-de-aprendizaje-y-servicio","status":"publish","type":"post","link":"https:\/\/cptafalla.educacion.navarra.es\/web\/2023\/11\/moviles-de-sangre-premio-nacional-de-aprendizaje-y-servicio\/","title":{"rendered":"&#8220;M\u00d3VILES DE SANGRE&#8221; PREMIO NACIONAL DE APRENDIZAJE Y SERVICIO"},"content":{"rendered":"\n<p>En #M\u00f3vilesDeSangre, el alumnado de sexto de Primaria durante el curso 2021-22, con sus tutores Idoia Alegre y Javier Ib\u00e1\u00f1ez, llev\u00f3 a cabo\u00a0 una<strong>\u00a0campa\u00f1a de sensibilizaci\u00f3n sobre el colt\u00e1n\u00a0<\/strong>y sus terribles repercusiones en el este de la Rep\u00fablica Democr\u00e1tica del Congo\u00a0<strong>(conoci\u00e9ndolas de primera mano a trav\u00e9s de Mama Zawadi<\/strong>, joven v\u00edctima de las guerrillas congole\u00f1as con la que intercambiaron v\u00eddeos) y organizaron una<strong>\u00a0campa\u00f1a de recogida de m\u00f3viles viejos\u00a0<\/strong>para su correcto reciclaje, realizando una<strong>\u00a0profunda labor de aprendizaje-servicio con Tasubinsa<\/strong>, la mayor entidad navarra de empleo y centro ocupacional para personas con discapacidad intelectual.<\/p>\n<p><strong>El 15 de diciembre, una representaci\u00f3n de la clase acudir\u00e1 a Valladolid al XVI Congreso Nacional de la Red de Aprendizaje y Servicio<\/strong>, donde expondr\u00e1 el proyecto y recoger\u00e1 el premio.<\/p>\n<p>#M\u00f3vilesDeSangre programan, Lehen Hezkuntzako seigarren mailako ikasleek, 2021-22 ikasturtean, Idoia Alegre eta Javier Iba\u00f1ez tutoreekin batera, koltanari eta horrek Kongoko Errepublika Demokratikoaren ekialdean izan ditzakeen ondorio izugarriei buruzko sentsibilizazio-kanpaina bat egin zuten (Mama Zawadi Kongoko gerrillen biktima izan zen eta bideoak trukatu zituzten), eta mugikor zaharrak biltzeko kanpaina bat antolatu zuten, behar bezala birziklatzeko. Horretarako, ikaskuntza-zerbitzu sakona egin zuten Tasubinsa Nafarroako enplegu-erakunde handienarekin eta adimen-urritasuna duten pertsonentzako okupazio-zentroarekin.<br \/><br \/>Abenduaren 15ean, klaseko ordezkaritza\u00a0 Valladolidera joango da Ikaskuntza eta Zerbitzu Sarearen XVI. Kongresu Nazionalera, non proiektua azaldu eta saria jasoko duen.<\/p>\n<p><a href=\"https:\/\/www.noticiasdenavarra.com\/navarra\/2023\/11\/07\/colegio-publico-tafalla-premio-nacional-7481951.html\">NOTICIA\/ BERRIA<\/a><\/p>\n<p>\u00a0<\/p>\n","protected":false},"excerpt":{"rendered":"<p>En #M\u00f3vilesDeSangre, el alumnado de sexto de Primaria durante el curso 2021-22, con sus tutores Idoia Alegre y Javier Ib\u00e1\u00f1ez, llev\u00f3 a cabo\u00a0 una\u00a0campa\u00f1a de sensibilizaci\u00f3n sobre el colt\u00e1n\u00a0y sus terribles repercusiones en el este de la Rep\u00fablica Democr\u00e1tica del Congo\u00a0(conoci\u00e9ndolas de primera mano a trav\u00e9s de Mama Zawadi, joven v\u00edctima de las guerrillas congole\u00f1as &hellip; <a href=\"https:\/\/cptafalla.educacion.navarra.es\/web\/2023\/11\/moviles-de-sangre-premio-nacional-de-aprendizaje-y-servicio\/\" class=\"more-link\">Seguir leyendo <span class=\"screen-reader-text\">&#8220;M\u00d3VILES DE SANGRE&#8221; PREMIO NACIONAL DE APRENDIZAJE Y SERVICIO<\/span> <span class=\"meta-nav\">&rarr;<\/span><\/a><\/p>\n","protected":false},"author":1,"featured_media":0,"comment_status":"closed","ping_status":"open","sticky":false,"template":"","format":"standard","meta":[],"categories":[1],"tags":[],"_links":{"self":[{"href":"https:\/\/cptafalla.educacion.navarra.es\/web\/wp-json\/wp\/v2\/posts\/7745"}],"collection":[{"href":"https:\/\/cptafalla.educacion.navarra.es\/web\/wp-json\/wp\/v2\/posts"}],"about":[{"href":"https:\/\/cptafalla.educacion.navarra.es\/web\/wp-json\/wp\/v2\/types\/post"}],"author":[{"embeddable":true,"href":"https:\/\/cptafalla.educacion.navarra.es\/web\/wp-json\/wp\/v2\/users\/1"}],"replies":[{"embeddable":true,"href":"https:\/\/cptafalla.educacion.navarra.es\/web\/wp-json\/wp\/v2\/comments?post=7745"}],"version-history":[{"count":1,"href":"https:\/\/cptafalla.educacion.navarra.es\/web\/wp-json\/wp\/v2\/posts\/7745\/revisions"}],"predecessor-version":[{"id":7746,"href":"https:\/\/cptafalla.educacion.navarra.es\/web\/wp-json\/wp\/v2\/posts\/7745\/revisions\/7746"}],"wp:attachment":[{"href":"https:\/\/cptafalla.educacion.navarra.es\/web\/wp-json\/wp\/v2\/media?parent=7745"}],"wp:term":[{"taxonomy":"category","embeddable":true,"href":"https:\/\/cptafalla.educacion.navarra.es\/web\/wp-json\/wp\/v2\/categories?post=7745"},{"taxonomy":"post_tag","embeddable":true,"href":"https:\/\/cptafalla.educacion.navarra.es\/web\/wp-json\/wp\/v2\/tags?post=7745"}],"curies":[{"name":"wp","href":"https:\/\/api.w.org\/{rel}","templated":true}]}}