{"id":7559,"date":"2023-06-28T09:01:33","date_gmt":"2023-06-28T07:01:33","guid":{"rendered":"https:\/\/cptafalla.educacion.navarra.es\/web\/?p=7559"},"modified":"2023-06-28T09:01:33","modified_gmt":"2023-06-28T07:01:33","slug":"visita-a-la-huerta-y-al-parque","status":"publish","type":"post","link":"https:\/\/cptafalla.educacion.navarra.es\/web\/2023\/06\/visita-a-la-huerta-y-al-parque\/","title":{"rendered":"VISITA A LA HUERTA Y AL PARQUE"},"content":{"rendered":"\n<div class=\"x11i5rnm xat24cr x1mh8g0r x1vvkbs xtlvy1s x126k92a\">\n<div dir=\"auto\">El alumnado de 1\u00b0 y 2\u00b0 de Primaria A\/G ha estado de visita en la huerta acompa\u00f1ados por Isabel y Agust\u00edn. Posteriormente, hemos disfrutado de un rato en el parque de la tirolina. \u00a1Estamos aprovechando al m\u00e1ximo estos \u00faltimos d\u00edas de cole!<\/div>\n<div dir=\"auto\">\u00a0<\/div>\n<\/div>\n<div class=\"x11i5rnm xat24cr x1mh8g0r x1vvkbs xtlvy1s x126k92a\">\n<div dir=\"auto\">A\/G Lehen Hezkuntzako 1. eta 2. mailako ikasleak baratzean izan dira bisitan, Isabel eta Agustinekin batera. Ondoren, tarte batez gozatu dugu tirolinako parkean. Ahalik eta gehien aprobetxatzen ari gara eskolako azken egun hauek!<\/div>\n<\/div>\n<div dir=\"auto\">\u00a0<\/div>\n<div dir=\"auto\"><a href=\"https:\/\/cptafalla.educacion.navarra.es\/web\/wp-content\/uploads\/2023\/06\/IMG_20230621_100417.jpg\"><img loading=\"lazy\" class=\"alignnone size-large wp-image-7562\" src=\"https:\/\/cptafalla.educacion.navarra.es\/web\/wp-content\/uploads\/2023\/06\/IMG_20230621_100417.jpg\" alt=\"\" width=\"474\" height=\"267\" srcset=\"https:\/\/cptafalla.educacion.navarra.es\/web\/wp-content\/uploads\/2023\/06\/IMG_20230621_100417.jpg 1000w, https:\/\/cptafalla.educacion.navarra.es\/web\/wp-content\/uploads\/2023\/06\/IMG_20230621_100417-300x169.jpg 300w, https:\/\/cptafalla.educacion.navarra.es\/web\/wp-content\/uploads\/2023\/06\/IMG_20230621_100417-768x432.jpg 768w\" sizes=\"(max-width: 474px) 100vw, 474px\" \/><\/a> <a href=\"https:\/\/cptafalla.educacion.navarra.es\/web\/wp-content\/uploads\/2023\/06\/IMG_20230621_185037.jpg\"><img loading=\"lazy\" class=\"alignnone size-large wp-image-7563\" src=\"https:\/\/cptafalla.educacion.navarra.es\/web\/wp-content\/uploads\/2023\/06\/IMG_20230621_185037-768x1024.jpg\" alt=\"\" width=\"474\" height=\"632\" srcset=\"https:\/\/cptafalla.educacion.navarra.es\/web\/wp-content\/uploads\/2023\/06\/IMG_20230621_185037-768x1024.jpg 768w, https:\/\/cptafalla.educacion.navarra.es\/web\/wp-content\/uploads\/2023\/06\/IMG_20230621_185037-225x300.jpg 225w, https:\/\/cptafalla.educacion.navarra.es\/web\/wp-content\/uploads\/2023\/06\/IMG_20230621_185037.jpg 1000w\" sizes=\"(max-width: 474px) 100vw, 474px\" \/><\/a> <a href=\"https:\/\/cptafalla.educacion.navarra.es\/web\/wp-content\/uploads\/2023\/06\/IMG_20230621_185120.jpg\"><img loading=\"lazy\" class=\"alignnone size-large wp-image-7564\" src=\"https:\/\/cptafalla.educacion.navarra.es\/web\/wp-content\/uploads\/2023\/06\/IMG_20230621_185120-768x1024.jpg\" alt=\"\" width=\"474\" height=\"632\" srcset=\"https:\/\/cptafalla.educacion.navarra.es\/web\/wp-content\/uploads\/2023\/06\/IMG_20230621_185120-768x1024.jpg 768w, https:\/\/cptafalla.educacion.navarra.es\/web\/wp-content\/uploads\/2023\/06\/IMG_20230621_185120-225x300.jpg 225w, https:\/\/cptafalla.educacion.navarra.es\/web\/wp-content\/uploads\/2023\/06\/IMG_20230621_185120.jpg 1000w\" sizes=\"(max-width: 474px) 100vw, 474px\" \/><\/a> <a href=\"https:\/\/cptafalla.educacion.navarra.es\/web\/wp-content\/uploads\/2023\/06\/IMG_20230621_185222.jpg\"><img loading=\"lazy\" class=\"alignnone size-large wp-image-7565\" src=\"https:\/\/cptafalla.educacion.navarra.es\/web\/wp-content\/uploads\/2023\/06\/IMG_20230621_185222-768x1024.jpg\" alt=\"\" width=\"474\" height=\"632\" srcset=\"https:\/\/cptafalla.educacion.navarra.es\/web\/wp-content\/uploads\/2023\/06\/IMG_20230621_185222-768x1024.jpg 768w, https:\/\/cptafalla.educacion.navarra.es\/web\/wp-content\/uploads\/2023\/06\/IMG_20230621_185222-225x300.jpg 225w, https:\/\/cptafalla.educacion.navarra.es\/web\/wp-content\/uploads\/2023\/06\/IMG_20230621_185222.jpg 1000w\" sizes=\"(max-width: 474px) 100vw, 474px\" \/><\/a> <a href=\"https:\/\/cptafalla.educacion.navarra.es\/web\/wp-content\/uploads\/2023\/06\/IMG-20230621-WA0013-1.jpg\"><img loading=\"lazy\" class=\"alignnone size-large wp-image-7566\" src=\"https:\/\/cptafalla.educacion.navarra.es\/web\/wp-content\/uploads\/2023\/06\/IMG-20230621-WA0013-1.jpg\" alt=\"\" width=\"474\" height=\"230\" srcset=\"https:\/\/cptafalla.educacion.navarra.es\/web\/wp-content\/uploads\/2023\/06\/IMG-20230621-WA0013-1.jpg 1000w, https:\/\/cptafalla.educacion.navarra.es\/web\/wp-content\/uploads\/2023\/06\/IMG-20230621-WA0013-1-300x146.jpg 300w, https:\/\/cptafalla.educacion.navarra.es\/web\/wp-content\/uploads\/2023\/06\/IMG-20230621-WA0013-1-768x373.jpg 768w\" sizes=\"(max-width: 474px) 100vw, 474px\" \/><\/a> <a href=\"https:\/\/cptafalla.educacion.navarra.es\/web\/wp-content\/uploads\/2023\/06\/IMG-20230621-WA0040-1.jpg\"><img loading=\"lazy\" class=\"alignnone size-large wp-image-7567\" src=\"https:\/\/cptafalla.educacion.navarra.es\/web\/wp-content\/uploads\/2023\/06\/IMG-20230621-WA0040-1-1024x576.jpg\" alt=\"\" width=\"474\" height=\"267\" srcset=\"https:\/\/cptafalla.educacion.navarra.es\/web\/wp-content\/uploads\/2023\/06\/IMG-20230621-WA0040-1-1024x576.jpg 1024w, https:\/\/cptafalla.educacion.navarra.es\/web\/wp-content\/uploads\/2023\/06\/IMG-20230621-WA0040-1-300x169.jpg 300w, https:\/\/cptafalla.educacion.navarra.es\/web\/wp-content\/uploads\/2023\/06\/IMG-20230621-WA0040-1-768x432.jpg 768w, https:\/\/cptafalla.educacion.navarra.es\/web\/wp-content\/uploads\/2023\/06\/IMG-20230621-WA0040-1-1536x864.jpg 1536w, https:\/\/cptafalla.educacion.navarra.es\/web\/wp-content\/uploads\/2023\/06\/IMG-20230621-WA0040-1.jpg 1600w\" sizes=\"(max-width: 474px) 100vw, 474px\" \/><\/a><\/div>\n","protected":false},"excerpt":{"rendered":"<p>El alumnado de 1\u00b0 y 2\u00b0 de Primaria A\/G ha estado de visita en la huerta acompa\u00f1ados por Isabel y Agust\u00edn. Posteriormente, hemos disfrutado de un rato en el parque de la tirolina. \u00a1Estamos aprovechando al m\u00e1ximo estos \u00faltimos d\u00edas de cole! \u00a0 A\/G Lehen Hezkuntzako 1. eta 2. mailako ikasleak baratzean izan dira bisitan, &hellip; <a href=\"https:\/\/cptafalla.educacion.navarra.es\/web\/2023\/06\/visita-a-la-huerta-y-al-parque\/\" class=\"more-link\">Seguir leyendo <span class=\"screen-reader-text\">VISITA A LA HUERTA Y AL PARQUE<\/span> <span class=\"meta-nav\">&rarr;<\/span><\/a><\/p>\n","protected":false},"author":1,"featured_media":0,"comment_status":"closed","ping_status":"open","sticky":false,"template":"","format":"standard","meta":[],"categories":[1],"tags":[],"_links":{"self":[{"href":"https:\/\/cptafalla.educacion.navarra.es\/web\/wp-json\/wp\/v2\/posts\/7559"}],"collection":[{"href":"https:\/\/cptafalla.educacion.navarra.es\/web\/wp-json\/wp\/v2\/posts"}],"about":[{"href":"https:\/\/cptafalla.educacion.navarra.es\/web\/wp-json\/wp\/v2\/types\/post"}],"author":[{"embeddable":true,"href":"https:\/\/cptafalla.educacion.navarra.es\/web\/wp-json\/wp\/v2\/users\/1"}],"replies":[{"embeddable":true,"href":"https:\/\/cptafalla.educacion.navarra.es\/web\/wp-json\/wp\/v2\/comments?post=7559"}],"version-history":[{"count":1,"href":"https:\/\/cptafalla.educacion.navarra.es\/web\/wp-json\/wp\/v2\/posts\/7559\/revisions"}],"predecessor-version":[{"id":7568,"href":"https:\/\/cptafalla.educacion.navarra.es\/web\/wp-json\/wp\/v2\/posts\/7559\/revisions\/7568"}],"wp:attachment":[{"href":"https:\/\/cptafalla.educacion.navarra.es\/web\/wp-json\/wp\/v2\/media?parent=7559"}],"wp:term":[{"taxonomy":"category","embeddable":true,"href":"https:\/\/cptafalla.educacion.navarra.es\/web\/wp-json\/wp\/v2\/categories?post=7559"},{"taxonomy":"post_tag","embeddable":true,"href":"https:\/\/cptafalla.educacion.navarra.es\/web\/wp-json\/wp\/v2\/tags?post=7559"}],"curies":[{"name":"wp","href":"https:\/\/api.w.org\/{rel}","templated":true}]}}