{"id":7488,"date":"2023-06-18T10:13:54","date_gmt":"2023-06-18T08:13:54","guid":{"rendered":"https:\/\/cptafalla.educacion.navarra.es\/web\/?p=7488"},"modified":"2023-06-18T10:13:55","modified_gmt":"2023-06-18T08:13:55","slug":"lectura-internivelares-con-las-familias","status":"publish","type":"post","link":"https:\/\/cptafalla.educacion.navarra.es\/web\/2023\/06\/lectura-internivelares-con-las-familias\/","title":{"rendered":"LECTURA INTERNIVELARES CON LAS FAMILIAS"},"content":{"rendered":"\n<p>El alumnado de 1\u00b0 y 2\u00b0 de Primaria hemos realizado un taller lector con las familias para seguir motiv\u00e1ndoles a leer. Adem\u00e1s despu\u00e9s hemos hecho actividades relacionadas con esos cuentos, pensando t\u00edtulos nuevos, cambiando los finales o pensando qu\u00e9 nos ense\u00f1an. \u00a1Gracias a las familias por su implicaci\u00f3n!<\/p>\n<p>Lehen Hezkuntzako 1. eta 2. mailetako ikasleok irakurketa-tailer bat egin dugu familiekin, irakurtzeko motibatzen jarraitzeko. Gainera, ipuin horiekin lotutako jarduerak egin ditugu gero, izenburu berriak pentsatuz, amaierak aldatuz edo zer irakasten diguten pentsatuz. Eskerrik asko familiei zuen inplikazioagatik!<\/p>\n<p><a href=\"https:\/\/cptafalla.educacion.navarra.es\/web\/wp-content\/uploads\/2023\/06\/imagen1.2.jpeg\"><img loading=\"lazy\" class=\"alignnone wp-image-7489 size-thumbnail\" src=\"https:\/\/cptafalla.educacion.navarra.es\/web\/wp-content\/uploads\/2023\/06\/imagen1.2-150x150.jpeg\" alt=\"\" width=\"150\" height=\"150\" \/><\/a> <a href=\"https:\/\/cptafalla.educacion.navarra.es\/web\/wp-content\/uploads\/2023\/06\/imagen3-1.jpeg\"><img loading=\"lazy\" class=\"alignnone wp-image-7490 size-thumbnail\" src=\"https:\/\/cptafalla.educacion.navarra.es\/web\/wp-content\/uploads\/2023\/06\/imagen3-1-150x150.jpeg\" alt=\"\" width=\"150\" height=\"150\" srcset=\"https:\/\/cptafalla.educacion.navarra.es\/web\/wp-content\/uploads\/2023\/06\/imagen3-1-150x150.jpeg 150w, https:\/\/cptafalla.educacion.navarra.es\/web\/wp-content\/uploads\/2023\/06\/imagen3-1-300x300.jpeg 300w, https:\/\/cptafalla.educacion.navarra.es\/web\/wp-content\/uploads\/2023\/06\/imagen3-1-1024x1024.jpeg 1024w, https:\/\/cptafalla.educacion.navarra.es\/web\/wp-content\/uploads\/2023\/06\/imagen3-1-768x768.jpeg 768w, https:\/\/cptafalla.educacion.navarra.es\/web\/wp-content\/uploads\/2023\/06\/imagen3-1-1536x1536.jpeg 1536w, https:\/\/cptafalla.educacion.navarra.es\/web\/wp-content\/uploads\/2023\/06\/imagen3-1.jpeg 2048w\" sizes=\"(max-width: 150px) 100vw, 150px\" \/><\/a> <a href=\"https:\/\/cptafalla.educacion.navarra.es\/web\/wp-content\/uploads\/2023\/06\/imagen4.jpeg\"><img loading=\"lazy\" class=\"alignnone wp-image-7491 size-thumbnail\" src=\"https:\/\/cptafalla.educacion.navarra.es\/web\/wp-content\/uploads\/2023\/06\/imagen4-150x150.jpeg\" alt=\"\" width=\"150\" height=\"150\" \/><\/a> <a href=\"https:\/\/cptafalla.educacion.navarra.es\/web\/wp-content\/uploads\/2023\/06\/imagen5-1.jpeg\"><img loading=\"lazy\" class=\"alignnone wp-image-7492 size-thumbnail\" src=\"https:\/\/cptafalla.educacion.navarra.es\/web\/wp-content\/uploads\/2023\/06\/imagen5-1-150x150.jpeg\" alt=\"\" width=\"150\" height=\"150\" \/><\/a> <a href=\"https:\/\/cptafalla.educacion.navarra.es\/web\/wp-content\/uploads\/2023\/06\/imagen6.2.jpeg\"><img loading=\"lazy\" class=\"alignnone wp-image-7493 size-thumbnail\" src=\"https:\/\/cptafalla.educacion.navarra.es\/web\/wp-content\/uploads\/2023\/06\/imagen6.2-150x150.jpeg\" alt=\"\" width=\"150\" height=\"150\" \/><\/a> <a href=\"https:\/\/cptafalla.educacion.navarra.es\/web\/wp-content\/uploads\/2023\/06\/IMG20230615120736.jpg\"><img loading=\"lazy\" class=\"alignnone wp-image-7494 size-thumbnail\" src=\"https:\/\/cptafalla.educacion.navarra.es\/web\/wp-content\/uploads\/2023\/06\/IMG20230615120736-150x150.jpg\" alt=\"\" width=\"150\" height=\"150\" \/><\/a><\/p>\n","protected":false},"excerpt":{"rendered":"<p>El alumnado de 1\u00b0 y 2\u00b0 de Primaria hemos realizado un taller lector con las familias para seguir motiv\u00e1ndoles a leer. Adem\u00e1s despu\u00e9s hemos hecho actividades relacionadas con esos cuentos, pensando t\u00edtulos nuevos, cambiando los finales o pensando qu\u00e9 nos ense\u00f1an. \u00a1Gracias a las familias por su implicaci\u00f3n! Lehen Hezkuntzako 1. eta 2. mailetako ikasleok &hellip; <a href=\"https:\/\/cptafalla.educacion.navarra.es\/web\/2023\/06\/lectura-internivelares-con-las-familias\/\" class=\"more-link\">Seguir leyendo <span class=\"screen-reader-text\">LECTURA INTERNIVELARES CON LAS FAMILIAS<\/span> <span class=\"meta-nav\">&rarr;<\/span><\/a><\/p>\n","protected":false},"author":1,"featured_media":0,"comment_status":"closed","ping_status":"open","sticky":false,"template":"","format":"standard","meta":[],"categories":[1],"tags":[],"_links":{"self":[{"href":"https:\/\/cptafalla.educacion.navarra.es\/web\/wp-json\/wp\/v2\/posts\/7488"}],"collection":[{"href":"https:\/\/cptafalla.educacion.navarra.es\/web\/wp-json\/wp\/v2\/posts"}],"about":[{"href":"https:\/\/cptafalla.educacion.navarra.es\/web\/wp-json\/wp\/v2\/types\/post"}],"author":[{"embeddable":true,"href":"https:\/\/cptafalla.educacion.navarra.es\/web\/wp-json\/wp\/v2\/users\/1"}],"replies":[{"embeddable":true,"href":"https:\/\/cptafalla.educacion.navarra.es\/web\/wp-json\/wp\/v2\/comments?post=7488"}],"version-history":[{"count":1,"href":"https:\/\/cptafalla.educacion.navarra.es\/web\/wp-json\/wp\/v2\/posts\/7488\/revisions"}],"predecessor-version":[{"id":7495,"href":"https:\/\/cptafalla.educacion.navarra.es\/web\/wp-json\/wp\/v2\/posts\/7488\/revisions\/7495"}],"wp:attachment":[{"href":"https:\/\/cptafalla.educacion.navarra.es\/web\/wp-json\/wp\/v2\/media?parent=7488"}],"wp:term":[{"taxonomy":"category","embeddable":true,"href":"https:\/\/cptafalla.educacion.navarra.es\/web\/wp-json\/wp\/v2\/categories?post=7488"},{"taxonomy":"post_tag","embeddable":true,"href":"https:\/\/cptafalla.educacion.navarra.es\/web\/wp-json\/wp\/v2\/tags?post=7488"}],"curies":[{"name":"wp","href":"https:\/\/api.w.org\/{rel}","templated":true}]}}