{"id":7465,"date":"2023-06-11T10:35:04","date_gmt":"2023-06-11T08:35:04","guid":{"rendered":"https:\/\/cptafalla.educacion.navarra.es\/web\/?p=7465"},"modified":"2023-06-11T10:35:05","modified_gmt":"2023-06-11T08:35:05","slug":"olloko-gure-sustraiak-baserri-eskola","status":"publish","type":"post","link":"https:\/\/cptafalla.educacion.navarra.es\/web\/2023\/06\/olloko-gure-sustraiak-baserri-eskola\/","title":{"rendered":"OLLOKO &#8220;GURE SUSTRAIAK&#8221; BASERRI ESKOLA"},"content":{"rendered":"\n<div>Pasaden astean Haur Hezkuntzako 2. eta 3.mailako ikasle era irakasleok Olloko &#8220;Gure Sustraiak&#8221; baserri eskolan eguna eta gaua pasatzen egon ginen. Ze esperientzia polita bizi genuena! Animaliekin egon ginen, baratzeko lanak burutu genituen, belarrekin ukendua egin genuen eta gauean diskotekan dantzan ibili ginen. Oso oso ongi pasa genuen!!<\/div>\n<div>\u00a0<\/div>\n<div>Hurrengo egunean Haur Hezkuntzako 1.mailako lagunak ere Ollora joan ginen. Bertan animaliak ikusi eta gure lagunekin bazkaldu genuen. Oso gustora egon ginen!<\/div>\n<p>\u00a0<\/p>\n<div>La semana pasada alumnado y profesoras de 2\u00ba y 3\u00ba de Educaci\u00f3n Infantil estuvimos en la granja escuela &#8220;Gure Sustraiak&#8221; de Ollo pasando el d\u00eda y la noche. \u00a1Qu\u00e9 bonita experiencia la que viv\u00edamos! Estuvimos con los animales, hicimos los trabajos de la huerta, hicimos el ung\u00fcento con las hierbas y por la noche bailamos en la discoteca. \u00a1\u00a1Lo pasamos muy bien!!<br \/><br \/>Al d\u00eda siguiente tambi\u00e9n fuimos a Ollo los amigos y amigas de 1\u00ba de Infantil. All\u00ed vimos a los animales y comimos con todas y todos. \u00a1Estuvimos muy a gusto!<\/div>\n<div>\u00a0<\/div>\n<div><a href=\"https:\/\/cptafalla.educacion.navarra.es\/web\/wp-content\/uploads\/2023\/06\/kanpaldia.png\"><img loading=\"lazy\" class=\"alignnone wp-image-7466 size-medium\" src=\"https:\/\/cptafalla.educacion.navarra.es\/web\/wp-content\/uploads\/2023\/06\/kanpaldia-300x240.png\" alt=\"\" width=\"300\" height=\"240\" srcset=\"https:\/\/cptafalla.educacion.navarra.es\/web\/wp-content\/uploads\/2023\/06\/kanpaldia-300x240.png 300w, https:\/\/cptafalla.educacion.navarra.es\/web\/wp-content\/uploads\/2023\/06\/kanpaldia-768x614.png 768w, https:\/\/cptafalla.educacion.navarra.es\/web\/wp-content\/uploads\/2023\/06\/kanpaldia.png 1000w\" sizes=\"(max-width: 300px) 100vw, 300px\" \/><\/a> <a href=\"https:\/\/cptafalla.educacion.navarra.es\/web\/wp-content\/uploads\/2023\/06\/2-3.png\"><img loading=\"lazy\" class=\"wp-image-7467 size-medium alignright\" src=\"https:\/\/cptafalla.educacion.navarra.es\/web\/wp-content\/uploads\/2023\/06\/2-3-300x240.png\" alt=\"\" width=\"300\" height=\"240\" srcset=\"https:\/\/cptafalla.educacion.navarra.es\/web\/wp-content\/uploads\/2023\/06\/2-3-300x240.png 300w, https:\/\/cptafalla.educacion.navarra.es\/web\/wp-content\/uploads\/2023\/06\/2-3-768x614.png 768w, https:\/\/cptafalla.educacion.navarra.es\/web\/wp-content\/uploads\/2023\/06\/2-3.png 1000w\" sizes=\"(max-width: 300px) 100vw, 300px\" \/><\/a><\/div>\n<div>\u00a0<\/div>\n","protected":false},"excerpt":{"rendered":"<p>Pasaden astean Haur Hezkuntzako 2. eta 3.mailako ikasle era irakasleok Olloko &#8220;Gure Sustraiak&#8221; baserri eskolan eguna eta gaua pasatzen egon ginen. Ze esperientzia polita bizi genuena! Animaliekin egon ginen, baratzeko lanak burutu genituen, belarrekin ukendua egin genuen eta gauean diskotekan dantzan ibili ginen. Oso oso ongi pasa genuen!! \u00a0 Hurrengo egunean Haur Hezkuntzako 1.mailako lagunak &hellip; <a href=\"https:\/\/cptafalla.educacion.navarra.es\/web\/2023\/06\/olloko-gure-sustraiak-baserri-eskola\/\" class=\"more-link\">Seguir leyendo <span class=\"screen-reader-text\">OLLOKO &#8220;GURE SUSTRAIAK&#8221; BASERRI ESKOLA<\/span> <span class=\"meta-nav\">&rarr;<\/span><\/a><\/p>\n","protected":false},"author":1,"featured_media":0,"comment_status":"closed","ping_status":"open","sticky":false,"template":"","format":"standard","meta":[],"categories":[1],"tags":[],"_links":{"self":[{"href":"https:\/\/cptafalla.educacion.navarra.es\/web\/wp-json\/wp\/v2\/posts\/7465"}],"collection":[{"href":"https:\/\/cptafalla.educacion.navarra.es\/web\/wp-json\/wp\/v2\/posts"}],"about":[{"href":"https:\/\/cptafalla.educacion.navarra.es\/web\/wp-json\/wp\/v2\/types\/post"}],"author":[{"embeddable":true,"href":"https:\/\/cptafalla.educacion.navarra.es\/web\/wp-json\/wp\/v2\/users\/1"}],"replies":[{"embeddable":true,"href":"https:\/\/cptafalla.educacion.navarra.es\/web\/wp-json\/wp\/v2\/comments?post=7465"}],"version-history":[{"count":2,"href":"https:\/\/cptafalla.educacion.navarra.es\/web\/wp-json\/wp\/v2\/posts\/7465\/revisions"}],"predecessor-version":[{"id":7469,"href":"https:\/\/cptafalla.educacion.navarra.es\/web\/wp-json\/wp\/v2\/posts\/7465\/revisions\/7469"}],"wp:attachment":[{"href":"https:\/\/cptafalla.educacion.navarra.es\/web\/wp-json\/wp\/v2\/media?parent=7465"}],"wp:term":[{"taxonomy":"category","embeddable":true,"href":"https:\/\/cptafalla.educacion.navarra.es\/web\/wp-json\/wp\/v2\/categories?post=7465"},{"taxonomy":"post_tag","embeddable":true,"href":"https:\/\/cptafalla.educacion.navarra.es\/web\/wp-json\/wp\/v2\/tags?post=7465"}],"curies":[{"name":"wp","href":"https:\/\/api.w.org\/{rel}","templated":true}]}}