{"id":6976,"date":"2023-03-17T10:34:44","date_gmt":"2023-03-17T09:34:44","guid":{"rendered":"https:\/\/cptafalla.educacion.navarra.es\/web\/?p=6976"},"modified":"2023-03-17T10:34:44","modified_gmt":"2023-03-17T09:34:44","slug":"actividad-higiene-bucal","status":"publish","type":"post","link":"https:\/\/cptafalla.educacion.navarra.es\/web\/2023\/03\/actividad-higiene-bucal\/","title":{"rendered":"ACTIVIDAD HIGIENE BUCAL"},"content":{"rendered":"\n<div class=\"x11i5rnm xat24cr x1mh8g0r x1vvkbs xdj266r x126k92a\">\n<div dir=\"auto\">\u00a0<\/div>\n<\/div>\n<div class=\"x11i5rnm xat24cr x1mh8g0r x1vvkbs xtlvy1s x126k92a\">\n<div dir=\"auto\">El alumnado de 2\u00b0 de Primaria modelos A\/G hemos tenido la visita de Sheila, mam\u00e1 de nuestra compa\u00f1era Ane. Nos ha explicado en qu\u00e9 consiste su profesi\u00f3n y nos ha dado pautas muy interesantes para nuestra higiene dental. \u00a1Gracias Sheila por tu visita!\u00a0<\/div>\n<div dir=\"auto\">\u00a0<\/div>\n<div dir=\"auto\">\u00a0<\/div>\n<\/div>\n<div class=\"x11i5rnm xat24cr x1mh8g0r x1vvkbs xtlvy1s x126k92a\">\n<div dir=\"auto\">Lehen Hezkuntzako 2. mailako A\/G ereduko ikasleok Sheilaren bisita izan dugu, gure ikaskide Aneren amarena. Bere lanbidea zertan datzan azaldu digu eta oso jarraibide interesgarriak eman dizkigu gure hortz-higienerako. Mila esker, Sheila, zure bisitagatik!<\/div>\n<div dir=\"auto\">\u00a0<\/div>\n<\/div>\n<div dir=\"auto\"><a href=\"https:\/\/cptafalla.educacion.navarra.es\/web\/wp-content\/uploads\/2023\/03\/IMG_3402.jpg\"><img loading=\"lazy\" class=\"alignnone wp-image-6977 size-medium\" src=\"https:\/\/cptafalla.educacion.navarra.es\/web\/wp-content\/uploads\/2023\/03\/IMG_3402-300x225.jpg\" alt=\"\" width=\"300\" height=\"225\" srcset=\"https:\/\/cptafalla.educacion.navarra.es\/web\/wp-content\/uploads\/2023\/03\/IMG_3402-300x225.jpg 300w, https:\/\/cptafalla.educacion.navarra.es\/web\/wp-content\/uploads\/2023\/03\/IMG_3402-768x576.jpg 768w, https:\/\/cptafalla.educacion.navarra.es\/web\/wp-content\/uploads\/2023\/03\/IMG_3402.jpg 1000w\" sizes=\"(max-width: 300px) 100vw, 300px\" \/><\/a><a href=\"https:\/\/cptafalla.educacion.navarra.es\/web\/wp-content\/uploads\/2023\/03\/IMG_3408.jpg\"><img loading=\"lazy\" class=\"wp-image-6978 size-medium alignright\" src=\"https:\/\/cptafalla.educacion.navarra.es\/web\/wp-content\/uploads\/2023\/03\/IMG_3408-300x225.jpg\" alt=\"\" width=\"300\" height=\"225\" srcset=\"https:\/\/cptafalla.educacion.navarra.es\/web\/wp-content\/uploads\/2023\/03\/IMG_3408-300x225.jpg 300w, https:\/\/cptafalla.educacion.navarra.es\/web\/wp-content\/uploads\/2023\/03\/IMG_3408-768x576.jpg 768w, https:\/\/cptafalla.educacion.navarra.es\/web\/wp-content\/uploads\/2023\/03\/IMG_3408.jpg 1000w\" sizes=\"(max-width: 300px) 100vw, 300px\" \/><\/a><a href=\"https:\/\/cptafalla.educacion.navarra.es\/web\/wp-content\/uploads\/2023\/03\/IMG_3410.jpg\"><img loading=\"lazy\" class=\"wp-image-6979 size-medium alignnone\" src=\"https:\/\/cptafalla.educacion.navarra.es\/web\/wp-content\/uploads\/2023\/03\/IMG_3410-300x225.jpg\" alt=\"\" width=\"300\" height=\"225\" srcset=\"https:\/\/cptafalla.educacion.navarra.es\/web\/wp-content\/uploads\/2023\/03\/IMG_3410-300x225.jpg 300w, https:\/\/cptafalla.educacion.navarra.es\/web\/wp-content\/uploads\/2023\/03\/IMG_3410-768x576.jpg 768w, https:\/\/cptafalla.educacion.navarra.es\/web\/wp-content\/uploads\/2023\/03\/IMG_3410.jpg 1000w\" sizes=\"(max-width: 300px) 100vw, 300px\" \/><\/a><a href=\"https:\/\/cptafalla.educacion.navarra.es\/web\/wp-content\/uploads\/2023\/03\/IMG_20230316_091120.jpg\"><img loading=\"lazy\" class=\"wp-image-6980 size-medium alignright\" src=\"https:\/\/cptafalla.educacion.navarra.es\/web\/wp-content\/uploads\/2023\/03\/IMG_20230316_091120-300x169.jpg\" alt=\"\" width=\"300\" height=\"169\" srcset=\"https:\/\/cptafalla.educacion.navarra.es\/web\/wp-content\/uploads\/2023\/03\/IMG_20230316_091120-300x169.jpg 300w, https:\/\/cptafalla.educacion.navarra.es\/web\/wp-content\/uploads\/2023\/03\/IMG_20230316_091120-768x432.jpg 768w, https:\/\/cptafalla.educacion.navarra.es\/web\/wp-content\/uploads\/2023\/03\/IMG_20230316_091120.jpg 1000w\" sizes=\"(max-width: 300px) 100vw, 300px\" \/><\/a><a href=\"https:\/\/cptafalla.educacion.navarra.es\/web\/wp-content\/uploads\/2023\/03\/IMG_20230316_093118.jpg\"><img loading=\"lazy\" class=\"alignnone wp-image-6981 size-medium\" src=\"https:\/\/cptafalla.educacion.navarra.es\/web\/wp-content\/uploads\/2023\/03\/IMG_20230316_093118-300x169.jpg\" alt=\"\" width=\"300\" height=\"169\" srcset=\"https:\/\/cptafalla.educacion.navarra.es\/web\/wp-content\/uploads\/2023\/03\/IMG_20230316_093118-300x169.jpg 300w, https:\/\/cptafalla.educacion.navarra.es\/web\/wp-content\/uploads\/2023\/03\/IMG_20230316_093118-768x432.jpg 768w, https:\/\/cptafalla.educacion.navarra.es\/web\/wp-content\/uploads\/2023\/03\/IMG_20230316_093118.jpg 1000w\" sizes=\"(max-width: 300px) 100vw, 300px\" \/><\/a><\/div>\n","protected":false},"excerpt":{"rendered":"<p>\u00a0 El alumnado de 2\u00b0 de Primaria modelos A\/G hemos tenido la visita de Sheila, mam\u00e1 de nuestra compa\u00f1era Ane. Nos ha explicado en qu\u00e9 consiste su profesi\u00f3n y nos ha dado pautas muy interesantes para nuestra higiene dental. \u00a1Gracias Sheila por tu visita!\u00a0 \u00a0 \u00a0 Lehen Hezkuntzako 2. mailako A\/G ereduko ikasleok Sheilaren bisita &hellip; <a href=\"https:\/\/cptafalla.educacion.navarra.es\/web\/2023\/03\/actividad-higiene-bucal\/\" class=\"more-link\">Seguir leyendo <span class=\"screen-reader-text\">ACTIVIDAD HIGIENE BUCAL<\/span> <span class=\"meta-nav\">&rarr;<\/span><\/a><\/p>\n","protected":false},"author":1,"featured_media":0,"comment_status":"closed","ping_status":"open","sticky":false,"template":"","format":"standard","meta":[],"categories":[1],"tags":[],"_links":{"self":[{"href":"https:\/\/cptafalla.educacion.navarra.es\/web\/wp-json\/wp\/v2\/posts\/6976"}],"collection":[{"href":"https:\/\/cptafalla.educacion.navarra.es\/web\/wp-json\/wp\/v2\/posts"}],"about":[{"href":"https:\/\/cptafalla.educacion.navarra.es\/web\/wp-json\/wp\/v2\/types\/post"}],"author":[{"embeddable":true,"href":"https:\/\/cptafalla.educacion.navarra.es\/web\/wp-json\/wp\/v2\/users\/1"}],"replies":[{"embeddable":true,"href":"https:\/\/cptafalla.educacion.navarra.es\/web\/wp-json\/wp\/v2\/comments?post=6976"}],"version-history":[{"count":1,"href":"https:\/\/cptafalla.educacion.navarra.es\/web\/wp-json\/wp\/v2\/posts\/6976\/revisions"}],"predecessor-version":[{"id":6982,"href":"https:\/\/cptafalla.educacion.navarra.es\/web\/wp-json\/wp\/v2\/posts\/6976\/revisions\/6982"}],"wp:attachment":[{"href":"https:\/\/cptafalla.educacion.navarra.es\/web\/wp-json\/wp\/v2\/media?parent=6976"}],"wp:term":[{"taxonomy":"category","embeddable":true,"href":"https:\/\/cptafalla.educacion.navarra.es\/web\/wp-json\/wp\/v2\/categories?post=6976"},{"taxonomy":"post_tag","embeddable":true,"href":"https:\/\/cptafalla.educacion.navarra.es\/web\/wp-json\/wp\/v2\/tags?post=6976"}],"curies":[{"name":"wp","href":"https:\/\/api.w.org\/{rel}","templated":true}]}}