{"id":684,"date":"2015-01-09T15:46:43","date_gmt":"2015-01-09T14:46:43","guid":{"rendered":"http:\/\/cptafalla.educacion.navarra.es\/web\/?p=684"},"modified":"2015-01-09T15:52:08","modified_gmt":"2015-01-09T14:52:08","slug":"visita-de-la-comision-de-educacion-del-parlamento","status":"publish","type":"post","link":"https:\/\/cptafalla.educacion.navarra.es\/web\/2015\/01\/visita-de-la-comision-de-educacion-del-parlamento\/","title":{"rendered":"VISITA DE LA COMISI\u00d3N DE EDUCACI\u00d3N DEL PARLAMENTO"},"content":{"rendered":"<p><a href=\"https:\/\/cptafalla.educacion.navarra.es\/web\/wp-content\/uploads\/2015\/01\/P1030437.jpg\"><img loading=\"lazy\" class=\"alignnone size-full wp-image-687\" src=\"https:\/\/cptafalla.educacion.navarra.es\/web\/wp-content\/uploads\/2015\/01\/P1030437.jpg\" alt=\"P1030437\" width=\"1024\" height=\"606\" srcset=\"https:\/\/cptafalla.educacion.navarra.es\/web\/wp-content\/uploads\/2015\/01\/P1030437.jpg 1024w, https:\/\/cptafalla.educacion.navarra.es\/web\/wp-content\/uploads\/2015\/01\/P1030437-300x178.jpg 300w\" sizes=\"(max-width: 1024px) 100vw, 1024px\" \/><\/a><\/p>\n<p>La Comisi\u00f3n de Educaci\u00f3n del Parlamento de Navarra se ha acercado a\u00a0nuestro Centro para conocer <em>in situ<\/em> la situaci\u00f3n\u00a0de las instalaciones y las necesidades de reforma, especialmente, de los ba\u00f1os y fachada.<\/p>\n<p><a href=\"https:\/\/cptafalla.educacion.navarra.es\/web\/wp-content\/uploads\/2015\/01\/P1030419.jpg\"><img loading=\"lazy\" class=\"alignnone size-full wp-image-686\" src=\"https:\/\/cptafalla.educacion.navarra.es\/web\/wp-content\/uploads\/2015\/01\/P1030419.jpg\" alt=\"P1030419\" width=\"1024\" height=\"768\" srcset=\"https:\/\/cptafalla.educacion.navarra.es\/web\/wp-content\/uploads\/2015\/01\/P1030419.jpg 1024w, https:\/\/cptafalla.educacion.navarra.es\/web\/wp-content\/uploads\/2015\/01\/P1030419-300x225.jpg 300w\" sizes=\"(max-width: 1024px) 100vw, 1024px\" \/><\/a><\/p>\n<p>Ya en el curso 2012-13 presentamos al Ayuntamiento un dossier con la solicitud de actuar sobre los ba\u00f1os y en abril de 2014 se ampli\u00f3 la petici\u00f3n con un informe en materia de seguridad y mantenimiento (puertas de emergencia, escalera de incendios, pista americana, paredes interiores y fachada exterior, y diversas actuaciones de eficiencia energ\u00e9tica como continuar con la sustituci\u00f3n de la carpinter\u00eda antigua de las ventanas, alumbrado LED, etc.)<\/p>\n<p>El Ayuntamiento, por una parte, se viene presentando a la convocatoria del Departamento de Educaci\u00f3n para la subvenci\u00f3n de obras en colegios p\u00fablicos (en la que hasta la fecha no hemos conseguido ser seleccionados) y, por otra, a finales de 2014 dedic\u00f3 una partida de m\u00e1s de 60.000 \u20ac para la apertura de puertas de emergencia y de la colocaci\u00f3n de la escalera de incendios.<\/p>\n<p>La Comisi\u00f3n de Educaci\u00f3n ha coincidido, por unanimidad, que la petici\u00f3n de reforma de ba\u00f1os y fachada era razonable.<\/p>\n<p>Ahora esperamos la presentaci\u00f3n de una iniciativa parlamentaria que proponga una partida nominal para la realizaci\u00f3n de tan importantes obras.<\/p>\n<p><a href=\"http:\/\/www.parlamentodenavarra.es\/inicio\/comunicacion\/noticias-y-actualidad.aspx?idnoticia=6250\" target=\"_blank\">Aqu\u00ed, la noticia en la web del Parlamento.<\/a><\/p>\n<p><a href=\"https:\/\/cptafalla.educacion.navarra.es\/web\/wp-content\/uploads\/2015\/01\/P1030438.jpg\"><img loading=\"lazy\" class=\"alignnone size-full wp-image-688\" src=\"https:\/\/cptafalla.educacion.navarra.es\/web\/wp-content\/uploads\/2015\/01\/P1030438.jpg\" alt=\"P1030438\" width=\"824\" height=\"476\" srcset=\"https:\/\/cptafalla.educacion.navarra.es\/web\/wp-content\/uploads\/2015\/01\/P1030438.jpg 824w, https:\/\/cptafalla.educacion.navarra.es\/web\/wp-content\/uploads\/2015\/01\/P1030438-300x173.jpg 300w\" sizes=\"(max-width: 824px) 100vw, 824px\" \/><\/a><\/p>\n","protected":false},"excerpt":{"rendered":"<p>La Comisi\u00f3n de Educaci\u00f3n del Parlamento de Navarra se ha acercado a\u00a0nuestro Centro para conocer in situ la situaci\u00f3n\u00a0de las instalaciones y las necesidades de reforma, especialmente, de los ba\u00f1os y fachada. Ya en el curso 2012-13 presentamos al Ayuntamiento un dossier con la solicitud de actuar sobre los ba\u00f1os y en abril de 2014 &hellip; <a href=\"https:\/\/cptafalla.educacion.navarra.es\/web\/2015\/01\/visita-de-la-comision-de-educacion-del-parlamento\/\" class=\"more-link\">Seguir leyendo <span class=\"screen-reader-text\">VISITA DE LA COMISI\u00d3N DE EDUCACI\u00d3N DEL PARLAMENTO<\/span> <span class=\"meta-nav\">&rarr;<\/span><\/a><\/p>\n","protected":false},"author":1,"featured_media":0,"comment_status":"closed","ping_status":"open","sticky":false,"template":"","format":"standard","meta":[],"categories":[1],"tags":[],"_links":{"self":[{"href":"https:\/\/cptafalla.educacion.navarra.es\/web\/wp-json\/wp\/v2\/posts\/684"}],"collection":[{"href":"https:\/\/cptafalla.educacion.navarra.es\/web\/wp-json\/wp\/v2\/posts"}],"about":[{"href":"https:\/\/cptafalla.educacion.navarra.es\/web\/wp-json\/wp\/v2\/types\/post"}],"author":[{"embeddable":true,"href":"https:\/\/cptafalla.educacion.navarra.es\/web\/wp-json\/wp\/v2\/users\/1"}],"replies":[{"embeddable":true,"href":"https:\/\/cptafalla.educacion.navarra.es\/web\/wp-json\/wp\/v2\/comments?post=684"}],"version-history":[{"count":6,"href":"https:\/\/cptafalla.educacion.navarra.es\/web\/wp-json\/wp\/v2\/posts\/684\/revisions"}],"predecessor-version":[{"id":694,"href":"https:\/\/cptafalla.educacion.navarra.es\/web\/wp-json\/wp\/v2\/posts\/684\/revisions\/694"}],"wp:attachment":[{"href":"https:\/\/cptafalla.educacion.navarra.es\/web\/wp-json\/wp\/v2\/media?parent=684"}],"wp:term":[{"taxonomy":"category","embeddable":true,"href":"https:\/\/cptafalla.educacion.navarra.es\/web\/wp-json\/wp\/v2\/categories?post=684"},{"taxonomy":"post_tag","embeddable":true,"href":"https:\/\/cptafalla.educacion.navarra.es\/web\/wp-json\/wp\/v2\/tags?post=684"}],"curies":[{"name":"wp","href":"https:\/\/api.w.org\/{rel}","templated":true}]}}