{"id":6695,"date":"2023-01-19T16:59:27","date_gmt":"2023-01-19T15:59:27","guid":{"rendered":"https:\/\/cptafalla.educacion.navarra.es\/web\/?p=6695"},"modified":"2023-01-19T19:41:27","modified_gmt":"2023-01-19T18:41:27","slug":"san-sebastian-bezpera-vispera-de-san-sebastian","status":"publish","type":"post","link":"https:\/\/cptafalla.educacion.navarra.es\/web\/2023\/01\/san-sebastian-bezpera-vispera-de-san-sebastian\/","title":{"rendered":"SAN SEBASTIAN BEZPERA\/ V\u00cdSPERA DE SAN SEBASTI\u00c1N"},"content":{"rendered":"\n<p>Tafallako patroia den San Sebastian egunaren bezpera bezala, hiru eguneko entseguen ondoren eta eguraldi zalantzagarriarekin, gure danborrada berezia izan dugu eskolan.<br \/>Eredu guztietako 5. eta 6. mailako ikasleek eta Tafallako Txistulariek, Eder Equ\u00edsoainen zuzendaritzapean, hainbat pieza musikatu dituzte danborrekin, jolasaldiaren ondoren.<br \/>Horretarako txanoak, amantalak eta gainerako janzkerak jantzita, taldea gure patioko leku batzuetan zehar jotzen aritu da, ur- edo elur-guneak saihesten saiatuz eta ikastetxeko gainerako haurrak alaitzen.<br \/><br \/>Tafallako Txistulari Elkarteari eskerrak eman nahi dizkiogu beti gurekin egoteagatik, bai entseguetan eta baita egun honetan ere.<br \/><br \/>ESKERRIK ASKO<\/p>\n<p>Como v\u00edspera de la festividad de San Sebasti\u00e1n, patr\u00f3n de Tafalla, despu\u00e9s de tres d\u00edas de ensayos y con el tiempo dudoso, hemos tenido nuestra particular Tamborrada en el Centro.<br \/>Alumnado de 5\u00ba y 6\u00ba de todos los modelos y losTxistularis de Tafalla bajo la direcci\u00f3n de Eder Equ\u00edsoain, han interpretado varias piezas musicales con sus tambores, despu\u00e9s del recreo.<br \/>Con sus gorros, delantales y dem\u00e1s indumentaria para la ocasi\u00f3n, el grupo ha estado tocando\u00a0 por algunas zonas de nuestro patio, intentando esquivar las zonas de agua o de nieve y amenizando el rato al resto de ni\u00f1os y ni\u00f1as del Colegio.<\/p>\n<p>Queremos agradecer a la Asociaci\u00f3n de Txistularis de Tafalla por estar siempre acompa\u00f1\u00e1ndonos, tanto en los ensayos como en este d\u00eda.<\/p>\n<p>MUCHAS GRACIAS<\/p>\n<p><a href=\"https:\/\/cptafalla.educacion.navarra.es\/web\/wp-content\/uploads\/2023\/01\/danborrada-bezpera-10.jpg\"><img loading=\"lazy\" class=\"alignnone wp-image-6697 size-thumbnail\" src=\"https:\/\/cptafalla.educacion.navarra.es\/web\/wp-content\/uploads\/2023\/01\/danborrada-bezpera-10-150x150.jpg\" alt=\"\" width=\"150\" height=\"150\" \/><\/a><a href=\"https:\/\/cptafalla.educacion.navarra.es\/web\/wp-content\/uploads\/2023\/01\/damborrada-bezpera-11.jpg\"><img loading=\"lazy\" class=\"alignnone wp-image-6698 size-thumbnail\" src=\"https:\/\/cptafalla.educacion.navarra.es\/web\/wp-content\/uploads\/2023\/01\/damborrada-bezpera-11-150x150.jpg\" alt=\"\" width=\"150\" height=\"150\" \/><\/a><a href=\"https:\/\/cptafalla.educacion.navarra.es\/web\/wp-content\/uploads\/2023\/01\/danborrada-bezpera-1.jpg\"><img loading=\"lazy\" class=\"alignnone size-thumbnail wp-image-6700\" src=\"https:\/\/cptafalla.educacion.navarra.es\/web\/wp-content\/uploads\/2023\/01\/danborrada-bezpera-1-150x150.jpg\" alt=\"\" width=\"150\" height=\"150\" \/><\/a><a href=\"https:\/\/cptafalla.educacion.navarra.es\/web\/wp-content\/uploads\/2023\/01\/danborrada-bezpera-2.jpg\"><img loading=\"lazy\" class=\"alignnone size-thumbnail wp-image-6701\" src=\"https:\/\/cptafalla.educacion.navarra.es\/web\/wp-content\/uploads\/2023\/01\/danborrada-bezpera-2-150x150.jpg\" alt=\"\" width=\"150\" height=\"150\" \/><\/a><a href=\"https:\/\/cptafalla.educacion.navarra.es\/web\/wp-content\/uploads\/2023\/01\/danborrada-bezpera-4.jpg\"><img loading=\"lazy\" class=\"alignnone size-thumbnail wp-image-6702\" src=\"https:\/\/cptafalla.educacion.navarra.es\/web\/wp-content\/uploads\/2023\/01\/danborrada-bezpera-4-150x150.jpg\" alt=\"\" width=\"150\" height=\"150\" \/><\/a><a href=\"https:\/\/cptafalla.educacion.navarra.es\/web\/wp-content\/uploads\/2023\/01\/danborrada-bezpera-3.jpg\"><img loading=\"lazy\" class=\"alignnone size-thumbnail wp-image-6703\" src=\"https:\/\/cptafalla.educacion.navarra.es\/web\/wp-content\/uploads\/2023\/01\/danborrada-bezpera-3-150x150.jpg\" alt=\"\" width=\"150\" height=\"150\" \/><\/a><a href=\"https:\/\/cptafalla.educacion.navarra.es\/web\/wp-content\/uploads\/2023\/01\/danborrada-bezpera7.jpg\"><img loading=\"lazy\" class=\"alignnone size-thumbnail wp-image-6705\" src=\"https:\/\/cptafalla.educacion.navarra.es\/web\/wp-content\/uploads\/2023\/01\/danborrada-bezpera7-150x150.jpg\" alt=\"\" width=\"150\" height=\"150\" \/><\/a><a href=\"https:\/\/cptafalla.educacion.navarra.es\/web\/wp-content\/uploads\/2023\/01\/danborrada-bezpera-8.jpg\"><img loading=\"lazy\" class=\"alignnone size-thumbnail wp-image-6707\" src=\"https:\/\/cptafalla.educacion.navarra.es\/web\/wp-content\/uploads\/2023\/01\/danborrada-bezpera-8-150x150.jpg\" alt=\"\" width=\"150\" height=\"150\" \/><\/a><a href=\"https:\/\/cptafalla.educacion.navarra.es\/web\/wp-content\/uploads\/2023\/01\/20230119_122650.jpg\"><img loading=\"lazy\" class=\"alignnone size-thumbnail wp-image-6708\" src=\"https:\/\/cptafalla.educacion.navarra.es\/web\/wp-content\/uploads\/2023\/01\/20230119_122650-150x150.jpg\" alt=\"\" width=\"150\" height=\"150\" \/><\/a><\/p>\n<p><a href=\"https:\/\/youtu.be\/vLIXxxX_xDQ\">BIDEO 1\/ V\u00cdDEO 1<\/a><\/p>\n<p><a href=\"https:\/\/youtu.be\/ku0Xu4oW_t8\">BIDEO 2\/ VIDEO 2<\/a><\/p>\n<p><a href=\"https:\/\/youtu.be\/D7km7rvXhJE\">BIDEO 3\/ VIDEO 3<\/a><\/p>\n<p><a href=\"https:\/\/youtu.be\/S-aKKcEEt4k\">BIDEO 4\/ VIDEO 4<\/a><\/p>\n<p><a href=\"https:\/\/youtu.be\/0DoRsw-Wt5c\">BIDEO 5\/ VIDEO 5<\/a><\/p>\n","protected":false},"excerpt":{"rendered":"<p>Tafallako patroia den San Sebastian egunaren bezpera bezala, hiru eguneko entseguen ondoren eta eguraldi zalantzagarriarekin, gure danborrada berezia izan dugu eskolan.Eredu guztietako 5. eta 6. mailako ikasleek eta Tafallako Txistulariek, Eder Equ\u00edsoainen zuzendaritzapean, hainbat pieza musikatu dituzte danborrekin, jolasaldiaren ondoren.Horretarako txanoak, amantalak eta gainerako janzkerak jantzita, taldea gure patioko leku batzuetan zehar jotzen aritu da, &hellip; <a href=\"https:\/\/cptafalla.educacion.navarra.es\/web\/2023\/01\/san-sebastian-bezpera-vispera-de-san-sebastian\/\" class=\"more-link\">Seguir leyendo <span class=\"screen-reader-text\">SAN SEBASTIAN BEZPERA\/ V\u00cdSPERA DE SAN SEBASTI\u00c1N<\/span> <span class=\"meta-nav\">&rarr;<\/span><\/a><\/p>\n","protected":false},"author":1,"featured_media":0,"comment_status":"closed","ping_status":"open","sticky":false,"template":"","format":"standard","meta":[],"categories":[1],"tags":[],"_links":{"self":[{"href":"https:\/\/cptafalla.educacion.navarra.es\/web\/wp-json\/wp\/v2\/posts\/6695"}],"collection":[{"href":"https:\/\/cptafalla.educacion.navarra.es\/web\/wp-json\/wp\/v2\/posts"}],"about":[{"href":"https:\/\/cptafalla.educacion.navarra.es\/web\/wp-json\/wp\/v2\/types\/post"}],"author":[{"embeddable":true,"href":"https:\/\/cptafalla.educacion.navarra.es\/web\/wp-json\/wp\/v2\/users\/1"}],"replies":[{"embeddable":true,"href":"https:\/\/cptafalla.educacion.navarra.es\/web\/wp-json\/wp\/v2\/comments?post=6695"}],"version-history":[{"count":2,"href":"https:\/\/cptafalla.educacion.navarra.es\/web\/wp-json\/wp\/v2\/posts\/6695\/revisions"}],"predecessor-version":[{"id":6711,"href":"https:\/\/cptafalla.educacion.navarra.es\/web\/wp-json\/wp\/v2\/posts\/6695\/revisions\/6711"}],"wp:attachment":[{"href":"https:\/\/cptafalla.educacion.navarra.es\/web\/wp-json\/wp\/v2\/media?parent=6695"}],"wp:term":[{"taxonomy":"category","embeddable":true,"href":"https:\/\/cptafalla.educacion.navarra.es\/web\/wp-json\/wp\/v2\/categories?post=6695"},{"taxonomy":"post_tag","embeddable":true,"href":"https:\/\/cptafalla.educacion.navarra.es\/web\/wp-json\/wp\/v2\/tags?post=6695"}],"curies":[{"name":"wp","href":"https:\/\/api.w.org\/{rel}","templated":true}]}}