{"id":6689,"date":"2023-01-17T13:20:22","date_gmt":"2023-01-17T12:20:22","guid":{"rendered":"https:\/\/cptafalla.educacion.navarra.es\/web\/?p=6689"},"modified":"2023-01-17T13:20:23","modified_gmt":"2023-01-17T12:20:23","slug":"motorrak-berotzen-calentando-motores","status":"publish","type":"post","link":"https:\/\/cptafalla.educacion.navarra.es\/web\/2023\/01\/motorrak-berotzen-calentando-motores\/","title":{"rendered":"MOTORRAK BEROTZEN\/ CALENTANDO MOTORES"},"content":{"rendered":"\n<p>Atzo hasi ginen danborradaren entseguekin,\u00a0 Eder Equisoain zuzendari eta Andoni Cortijo txistulariaren laguntzarekin primeran aritu ziren. Gaur eta bihar ere jarraituko dute.<\/p>\n<p>Ayer empezamos con los ensayos de la tamborrada, estuvieron fant\u00e1sticos dirigidos por Eder Equisoain de director y Andoni Cortijo de txistulari . Hoy y ma\u00f1ana tambi\u00e9n seguir\u00e1n con ello.<\/p>\n<p><a href=\"https:\/\/youtu.be\/hMuW5ATUI7w\">BIDEOA\/ VIDEO<\/a><\/p>\n<p><a href=\"https:\/\/cptafalla.educacion.navarra.es\/web\/wp-content\/uploads\/2023\/01\/danborrada-3.jpg\"><img loading=\"lazy\" class=\"alignnone size-thumbnail wp-image-6691\" src=\"https:\/\/cptafalla.educacion.navarra.es\/web\/wp-content\/uploads\/2023\/01\/danborrada-3-150x150.jpg\" alt=\"\" width=\"150\" height=\"150\" \/><\/a> <a href=\"https:\/\/cptafalla.educacion.navarra.es\/web\/wp-content\/uploads\/2023\/01\/danborrada-1.jpg\"><img loading=\"lazy\" class=\"alignnone size-thumbnail wp-image-6692\" src=\"https:\/\/cptafalla.educacion.navarra.es\/web\/wp-content\/uploads\/2023\/01\/danborrada-1-150x150.jpg\" alt=\"\" width=\"150\" height=\"150\" \/><\/a> <a href=\"https:\/\/cptafalla.educacion.navarra.es\/web\/wp-content\/uploads\/2023\/01\/danborrada-2.jpg\"><img loading=\"lazy\" class=\"alignnone size-thumbnail wp-image-6693\" src=\"https:\/\/cptafalla.educacion.navarra.es\/web\/wp-content\/uploads\/2023\/01\/danborrada-2-150x150.jpg\" alt=\"\" width=\"150\" height=\"150\" \/><\/a><\/p>\n","protected":false},"excerpt":{"rendered":"<p>Atzo hasi ginen danborradaren entseguekin,\u00a0 Eder Equisoain zuzendari eta Andoni Cortijo txistulariaren laguntzarekin primeran aritu ziren. Gaur eta bihar ere jarraituko dute. Ayer empezamos con los ensayos de la tamborrada, estuvieron fant\u00e1sticos dirigidos por Eder Equisoain de director y Andoni Cortijo de txistulari . Hoy y ma\u00f1ana tambi\u00e9n seguir\u00e1n con ello. BIDEOA\/ VIDEO<\/p>\n","protected":false},"author":1,"featured_media":0,"comment_status":"closed","ping_status":"open","sticky":false,"template":"","format":"standard","meta":[],"categories":[1],"tags":[],"_links":{"self":[{"href":"https:\/\/cptafalla.educacion.navarra.es\/web\/wp-json\/wp\/v2\/posts\/6689"}],"collection":[{"href":"https:\/\/cptafalla.educacion.navarra.es\/web\/wp-json\/wp\/v2\/posts"}],"about":[{"href":"https:\/\/cptafalla.educacion.navarra.es\/web\/wp-json\/wp\/v2\/types\/post"}],"author":[{"embeddable":true,"href":"https:\/\/cptafalla.educacion.navarra.es\/web\/wp-json\/wp\/v2\/users\/1"}],"replies":[{"embeddable":true,"href":"https:\/\/cptafalla.educacion.navarra.es\/web\/wp-json\/wp\/v2\/comments?post=6689"}],"version-history":[{"count":1,"href":"https:\/\/cptafalla.educacion.navarra.es\/web\/wp-json\/wp\/v2\/posts\/6689\/revisions"}],"predecessor-version":[{"id":6694,"href":"https:\/\/cptafalla.educacion.navarra.es\/web\/wp-json\/wp\/v2\/posts\/6689\/revisions\/6694"}],"wp:attachment":[{"href":"https:\/\/cptafalla.educacion.navarra.es\/web\/wp-json\/wp\/v2\/media?parent=6689"}],"wp:term":[{"taxonomy":"category","embeddable":true,"href":"https:\/\/cptafalla.educacion.navarra.es\/web\/wp-json\/wp\/v2\/categories?post=6689"},{"taxonomy":"post_tag","embeddable":true,"href":"https:\/\/cptafalla.educacion.navarra.es\/web\/wp-json\/wp\/v2\/tags?post=6689"}],"curies":[{"name":"wp","href":"https:\/\/api.w.org\/{rel}","templated":true}]}}