{"id":6682,"date":"2023-01-12T10:09:08","date_gmt":"2023-01-12T09:09:08","guid":{"rendered":"https:\/\/cptafalla.educacion.navarra.es\/web\/?p=6682"},"modified":"2023-01-12T10:09:08","modified_gmt":"2023-01-12T09:09:08","slug":"danborrada-txiki","status":"publish","type":"post","link":"https:\/\/cptafalla.educacion.navarra.es\/web\/2023\/01\/danborrada-txiki\/","title":{"rendered":"DANBORRADA TXIKI"},"content":{"rendered":"\n<p>Con motivo de la festividad de San Sebasti\u00e1n, patr\u00f3n de Tafalla, el jueves 19 de enero celebraremos nuestra tradicional tamborrada.<\/p>\n<p>Este a\u00f1o, varios alumnos y alumnas de 5\u00ba y 6\u00ba de todos los modelos se encargar\u00e1n de amenizar la misma. Eder Equ\u00edsoain, alumno de 6\u00ba de modelo D, actuar\u00e1 como Director.<\/p>\n<p>Tafallako patroia den San Sebastian eguna dela eta, urtarrilaren 19an, osteguna, gure ohiko danborrada ospatuko dugu.<br \/><br \/>Aurten, eredu guztietako 5. eta 6. mailako hainbat ikasleek girotuko dute. Eder Equ\u00edsoain, D ereduko 6. mailako ikaslea, zuzendari arituko da.<\/p>\n<p><a href=\"https:\/\/cptafalla.educacion.navarra.es\/web\/wp-content\/uploads\/2023\/01\/Diapositiva2.jpeg\"><img loading=\"lazy\" class=\"aligncenter wp-image-6683 size-full\" src=\"https:\/\/cptafalla.educacion.navarra.es\/web\/wp-content\/uploads\/2023\/01\/Diapositiva2.jpeg\" alt=\"\" width=\"640\" height=\"480\" srcset=\"https:\/\/cptafalla.educacion.navarra.es\/web\/wp-content\/uploads\/2023\/01\/Diapositiva2.jpeg 640w, https:\/\/cptafalla.educacion.navarra.es\/web\/wp-content\/uploads\/2023\/01\/Diapositiva2-300x225.jpeg 300w\" sizes=\"(max-width: 640px) 100vw, 640px\" \/><\/a><\/p>\n","protected":false},"excerpt":{"rendered":"<p>Con motivo de la festividad de San Sebasti\u00e1n, patr\u00f3n de Tafalla, el jueves 19 de enero celebraremos nuestra tradicional tamborrada. Este a\u00f1o, varios alumnos y alumnas de 5\u00ba y 6\u00ba de todos los modelos se encargar\u00e1n de amenizar la misma. Eder Equ\u00edsoain, alumno de 6\u00ba de modelo D, actuar\u00e1 como Director. Tafallako patroia den San &hellip; <a href=\"https:\/\/cptafalla.educacion.navarra.es\/web\/2023\/01\/danborrada-txiki\/\" class=\"more-link\">Seguir leyendo <span class=\"screen-reader-text\">DANBORRADA TXIKI<\/span> <span class=\"meta-nav\">&rarr;<\/span><\/a><\/p>\n","protected":false},"author":1,"featured_media":0,"comment_status":"closed","ping_status":"open","sticky":false,"template":"","format":"standard","meta":[],"categories":[1],"tags":[],"_links":{"self":[{"href":"https:\/\/cptafalla.educacion.navarra.es\/web\/wp-json\/wp\/v2\/posts\/6682"}],"collection":[{"href":"https:\/\/cptafalla.educacion.navarra.es\/web\/wp-json\/wp\/v2\/posts"}],"about":[{"href":"https:\/\/cptafalla.educacion.navarra.es\/web\/wp-json\/wp\/v2\/types\/post"}],"author":[{"embeddable":true,"href":"https:\/\/cptafalla.educacion.navarra.es\/web\/wp-json\/wp\/v2\/users\/1"}],"replies":[{"embeddable":true,"href":"https:\/\/cptafalla.educacion.navarra.es\/web\/wp-json\/wp\/v2\/comments?post=6682"}],"version-history":[{"count":1,"href":"https:\/\/cptafalla.educacion.navarra.es\/web\/wp-json\/wp\/v2\/posts\/6682\/revisions"}],"predecessor-version":[{"id":6684,"href":"https:\/\/cptafalla.educacion.navarra.es\/web\/wp-json\/wp\/v2\/posts\/6682\/revisions\/6684"}],"wp:attachment":[{"href":"https:\/\/cptafalla.educacion.navarra.es\/web\/wp-json\/wp\/v2\/media?parent=6682"}],"wp:term":[{"taxonomy":"category","embeddable":true,"href":"https:\/\/cptafalla.educacion.navarra.es\/web\/wp-json\/wp\/v2\/categories?post=6682"},{"taxonomy":"post_tag","embeddable":true,"href":"https:\/\/cptafalla.educacion.navarra.es\/web\/wp-json\/wp\/v2\/tags?post=6682"}],"curies":[{"name":"wp","href":"https:\/\/api.w.org\/{rel}","templated":true}]}}