{"id":6475,"date":"2022-11-18T09:54:13","date_gmt":"2022-11-18T08:54:13","guid":{"rendered":"https:\/\/cptafalla.educacion.navarra.es\/web\/?p=6475"},"modified":"2022-11-18T10:57:25","modified_gmt":"2022-11-18T09:57:25","slug":"premio-de-educacion-para-el-desarrolo-de-vicente-ferrer","status":"publish","type":"post","link":"https:\/\/cptafalla.educacion.navarra.es\/web\/2022\/11\/premio-de-educacion-para-el-desarrolo-de-vicente-ferrer\/","title":{"rendered":"PREMIO DE EDUCACION PARA EL DESARROLO DE VICENTE FERRER"},"content":{"rendered":"\n<p><strong>La Agencia Espa\u00f1ola de Cooperaci\u00f3n Internacional para el Desarrollo (AECID)<\/strong>, adscrita al\u00a0<strong>Ministerio de Asuntos Exteriores, Uni\u00f3n Europea y Cooperaci\u00f3n<\/strong>, convoca, junto con el\u00a0<strong>Ministerio de Educaci\u00f3n y Formaci\u00f3n Profesional<\/strong>, la\u00a0XII\u00a0edici\u00f3n del\u00a0<strong>Premio Nacional de Educaci\u00f3n para el Desarrollo &#8220;Vicente Ferrer&#8221;<\/strong>\u00a0dirigido a centros docentes sostenidos con fondos p\u00fablicos (p\u00fablicos y concertados) en los niveles de Educaci\u00f3n Infantil, Educaci\u00f3n Primaria, Educaci\u00f3n Secundaria Obligatoria, Educaci\u00f3n de\u200b\u200b Personas Adultas, Bachillerato y Formaci\u00f3n Profesional.<\/p>\n<h2 class=\"western\"><strong>OBJETO DE LA CONVOCATORIA<\/strong><\/h2>\n<p>La convocatoria tiene por objeto premiar experiencias educativas, proyectos o propuestas pedag\u00f3gicas realizadas durante el curso acad\u00e9mico 2020\/2021 y 2021\/2022\u00a0destinadas a sensibilizar, concienciar, desarrollar el esp\u00edritu cr\u00edtico, y fomentar la participaci\u00f3n activa del alumnado en la consecuci\u00f3n de una ciudadan\u00eda global, solidaria, comprometida con la erradicaci\u00f3n de la pobreza y sus causas y el desarrollo humano y sostenible.<\/p>\n<p><strong>Este a\u00f1o uno de los premios ha reca\u00eddo para nuestro centro &#8220;Marques de la Real Defensa&#8221;, coordinado por la ONGD Fabre, por su trabajo <em>\u00c1frica. Mil Historias.\u00a0<\/em><\/strong><\/p>\n<p>Os a\u00f1ado a continuaci\u00f3n el pdf del proyecto.<\/p>\n<p><a href=\"https:\/\/drive.google.com\/file\/d\/1ofWMB1zn2oRQ_wZs5Opc696MW5HeG67r\/view?usp=sharing\">\u00c1FRICA. MIL HISTORIAS<\/a><\/p>\n<p><strong>\u00a1ENHORABUENA AL ALUMNADO , A JAVIER IBA\u00d1EZ E IDOIA ALEGRE POR VUESTRO TRABAJO!<\/strong><\/p>\n<p>Kanpo Arazoetako, Europar Batasuneko eta Lankidetzako Ministerioari atxikitako Garapenerako Nazioarteko Lankidetzarako Espainiako Agentziak (AECID), Hezkuntza eta Lanbide Heziketako Ministerioarekin batera, &#8220;Vicente Ferrer&#8221; Garapenerako Hezkuntzako Sari Nazionalaren XII. ediziorako deialdia egiten du. Sari hori funts publikoekin (publikoak eta itunduak) sostengatutako ikastetxeei zuzenduta dago, maila hauetan: Haur Hezkuntza, Lehen Hezkuntza, Derrigorrezko Bigarren Hezkuntza, Helduen Hezkuntza, Batxilergoa eta Lanbide Heziketa.<br \/><br \/>DEIALDIAREN XEDEA<br \/>Deialdiaren helburua da 2020\/2021 eta 2021\/2022 ikasturteetan egindako hezkuntza-esperientziak, proiektu edo proposamen pedagogikoak saritzea, sentsibilizatzeko, kontzientziatzeko eta espiritu kritikoa garatzeko, eta ikasleen parte-hartze aktiboa sustatzeko, herritartasun globala, solidarioa, pobrezia eta horren kausak desagerrarazteko konpromisoa duena eta giza garapen iraunkorra lortzeko.<br \/><strong>Aurten sarietako bat gure &#8220;Marques de la Real Defensa&#8221; zentroarentzat izan da, Fabre GGKEak koordinatuta, Africa Mil Historias lanarekin.<\/strong><br \/>Jarraian proiektuaren pdf-a erantsiko dizuet.<br \/><br \/><a href=\"https:\/\/drive.google.com\/file\/d\/1ofWMB1zn2oRQ_wZs5Opc696MW5HeG67r\/view?usp=sharing\">AFRIKA. MILA ISTORIO<\/a><br \/><br \/>ZORIONAK IKASLEEI, JAVIER IBA\u00d1EZ ETA IDOIA ALEGRERI ZUEN LANAGATIK!<\/p>\n","protected":false},"excerpt":{"rendered":"<p>La Agencia Espa\u00f1ola de Cooperaci\u00f3n Internacional para el Desarrollo (AECID), adscrita al\u00a0Ministerio de Asuntos Exteriores, Uni\u00f3n Europea y Cooperaci\u00f3n, convoca, junto con el\u00a0Ministerio de Educaci\u00f3n y Formaci\u00f3n Profesional, la\u00a0XII\u00a0edici\u00f3n del\u00a0Premio Nacional de Educaci\u00f3n para el Desarrollo &#8220;Vicente Ferrer&#8221;\u00a0dirigido a centros docentes sostenidos con fondos p\u00fablicos (p\u00fablicos y concertados) en los niveles de Educaci\u00f3n Infantil, Educaci\u00f3n &hellip; <a href=\"https:\/\/cptafalla.educacion.navarra.es\/web\/2022\/11\/premio-de-educacion-para-el-desarrolo-de-vicente-ferrer\/\" class=\"more-link\">Seguir leyendo <span class=\"screen-reader-text\">PREMIO DE EDUCACION PARA EL DESARROLO DE VICENTE FERRER<\/span> <span class=\"meta-nav\">&rarr;<\/span><\/a><\/p>\n","protected":false},"author":1,"featured_media":0,"comment_status":"closed","ping_status":"open","sticky":false,"template":"","format":"standard","meta":[],"categories":[1],"tags":[],"_links":{"self":[{"href":"https:\/\/cptafalla.educacion.navarra.es\/web\/wp-json\/wp\/v2\/posts\/6475"}],"collection":[{"href":"https:\/\/cptafalla.educacion.navarra.es\/web\/wp-json\/wp\/v2\/posts"}],"about":[{"href":"https:\/\/cptafalla.educacion.navarra.es\/web\/wp-json\/wp\/v2\/types\/post"}],"author":[{"embeddable":true,"href":"https:\/\/cptafalla.educacion.navarra.es\/web\/wp-json\/wp\/v2\/users\/1"}],"replies":[{"embeddable":true,"href":"https:\/\/cptafalla.educacion.navarra.es\/web\/wp-json\/wp\/v2\/comments?post=6475"}],"version-history":[{"count":2,"href":"https:\/\/cptafalla.educacion.navarra.es\/web\/wp-json\/wp\/v2\/posts\/6475\/revisions"}],"predecessor-version":[{"id":6477,"href":"https:\/\/cptafalla.educacion.navarra.es\/web\/wp-json\/wp\/v2\/posts\/6475\/revisions\/6477"}],"wp:attachment":[{"href":"https:\/\/cptafalla.educacion.navarra.es\/web\/wp-json\/wp\/v2\/media?parent=6475"}],"wp:term":[{"taxonomy":"category","embeddable":true,"href":"https:\/\/cptafalla.educacion.navarra.es\/web\/wp-json\/wp\/v2\/categories?post=6475"},{"taxonomy":"post_tag","embeddable":true,"href":"https:\/\/cptafalla.educacion.navarra.es\/web\/wp-json\/wp\/v2\/tags?post=6475"}],"curies":[{"name":"wp","href":"https:\/\/api.w.org\/{rel}","templated":true}]}}