{"id":6469,"date":"2022-11-17T09:35:32","date_gmt":"2022-11-17T08:35:32","guid":{"rendered":"https:\/\/cptafalla.educacion.navarra.es\/web\/?p=6469"},"modified":"2022-11-17T09:35:33","modified_gmt":"2022-11-17T08:35:33","slug":"consumo-responsable","status":"publish","type":"post","link":"https:\/\/cptafalla.educacion.navarra.es\/web\/2022\/11\/consumo-responsable\/","title":{"rendered":"CONSUMO RESPONSABLE"},"content":{"rendered":"\n<p>El alumnado de 5.\u00ba de Primaria modelo A\/G particip\u00f3 en el taller Consumo Responsable con el que analizamos diferentes situaciones y aprendimos a trav\u00e9s de recomendaciones para nuestro d\u00eda a d\u00eda (reciclaje, reutilizaci\u00f3n de objetos, reducir las compras, ver si necesitamos realmente lo que compramos&#8230;).<\/p>\n<p>A\/G ereduko Lehen Hezkuntzako 5. mailako ikasleek Kontsumo Arduratsuaren tailerrean parte hartu zuten. Tailer horrekin hainbat egoera aztertu genituen eta gure egunerokotasunerako gomendioen bidez ikasi genuen (birziklatzea, objektuak berrerabiltzea, erosketak murriztea, erosten duguna benetan behar dugun ikustea&#8230;).<\/p>\n<p><a href=\"https:\/\/cptafalla.educacion.navarra.es\/web\/wp-content\/uploads\/2022\/11\/Consumo-responsable.jpg\"><img loading=\"lazy\" class=\"alignnone wp-image-6470 size-medium\" src=\"https:\/\/cptafalla.educacion.navarra.es\/web\/wp-content\/uploads\/2022\/11\/Consumo-responsable-300x170.jpg\" alt=\"\" width=\"300\" height=\"170\" srcset=\"https:\/\/cptafalla.educacion.navarra.es\/web\/wp-content\/uploads\/2022\/11\/Consumo-responsable-300x170.jpg 300w, https:\/\/cptafalla.educacion.navarra.es\/web\/wp-content\/uploads\/2022\/11\/Consumo-responsable-768x435.jpg 768w, https:\/\/cptafalla.educacion.navarra.es\/web\/wp-content\/uploads\/2022\/11\/Consumo-responsable.jpg 1000w\" sizes=\"(max-width: 300px) 100vw, 300px\" \/><\/a> <a href=\"https:\/\/cptafalla.educacion.navarra.es\/web\/wp-content\/uploads\/2022\/11\/Consumo-responsable2.jpg\"><img loading=\"lazy\" class=\"alignnone wp-image-6471 size-medium\" src=\"https:\/\/cptafalla.educacion.navarra.es\/web\/wp-content\/uploads\/2022\/11\/Consumo-responsable2-300x225.jpg\" alt=\"\" width=\"300\" height=\"225\" srcset=\"https:\/\/cptafalla.educacion.navarra.es\/web\/wp-content\/uploads\/2022\/11\/Consumo-responsable2-300x225.jpg 300w, https:\/\/cptafalla.educacion.navarra.es\/web\/wp-content\/uploads\/2022\/11\/Consumo-responsable2-768x576.jpg 768w, https:\/\/cptafalla.educacion.navarra.es\/web\/wp-content\/uploads\/2022\/11\/Consumo-responsable2.jpg 1000w\" sizes=\"(max-width: 300px) 100vw, 300px\" \/><\/a><\/p>\n","protected":false},"excerpt":{"rendered":"<p>El alumnado de 5.\u00ba de Primaria modelo A\/G particip\u00f3 en el taller Consumo Responsable con el que analizamos diferentes situaciones y aprendimos a trav\u00e9s de recomendaciones para nuestro d\u00eda a d\u00eda (reciclaje, reutilizaci\u00f3n de objetos, reducir las compras, ver si necesitamos realmente lo que compramos&#8230;). A\/G ereduko Lehen Hezkuntzako 5. mailako ikasleek Kontsumo Arduratsuaren tailerrean &hellip; <a href=\"https:\/\/cptafalla.educacion.navarra.es\/web\/2022\/11\/consumo-responsable\/\" class=\"more-link\">Seguir leyendo <span class=\"screen-reader-text\">CONSUMO RESPONSABLE<\/span> <span class=\"meta-nav\">&rarr;<\/span><\/a><\/p>\n","protected":false},"author":1,"featured_media":0,"comment_status":"closed","ping_status":"open","sticky":false,"template":"","format":"standard","meta":[],"categories":[1],"tags":[],"_links":{"self":[{"href":"https:\/\/cptafalla.educacion.navarra.es\/web\/wp-json\/wp\/v2\/posts\/6469"}],"collection":[{"href":"https:\/\/cptafalla.educacion.navarra.es\/web\/wp-json\/wp\/v2\/posts"}],"about":[{"href":"https:\/\/cptafalla.educacion.navarra.es\/web\/wp-json\/wp\/v2\/types\/post"}],"author":[{"embeddable":true,"href":"https:\/\/cptafalla.educacion.navarra.es\/web\/wp-json\/wp\/v2\/users\/1"}],"replies":[{"embeddable":true,"href":"https:\/\/cptafalla.educacion.navarra.es\/web\/wp-json\/wp\/v2\/comments?post=6469"}],"version-history":[{"count":1,"href":"https:\/\/cptafalla.educacion.navarra.es\/web\/wp-json\/wp\/v2\/posts\/6469\/revisions"}],"predecessor-version":[{"id":6472,"href":"https:\/\/cptafalla.educacion.navarra.es\/web\/wp-json\/wp\/v2\/posts\/6469\/revisions\/6472"}],"wp:attachment":[{"href":"https:\/\/cptafalla.educacion.navarra.es\/web\/wp-json\/wp\/v2\/media?parent=6469"}],"wp:term":[{"taxonomy":"category","embeddable":true,"href":"https:\/\/cptafalla.educacion.navarra.es\/web\/wp-json\/wp\/v2\/categories?post=6469"},{"taxonomy":"post_tag","embeddable":true,"href":"https:\/\/cptafalla.educacion.navarra.es\/web\/wp-json\/wp\/v2\/tags?post=6469"}],"curies":[{"name":"wp","href":"https:\/\/api.w.org\/{rel}","templated":true}]}}