{"id":6459,"date":"2022-11-16T09:50:00","date_gmt":"2022-11-16T08:50:00","guid":{"rendered":"https:\/\/cptafalla.educacion.navarra.es\/web\/?p=6459"},"modified":"2022-11-16T09:50:01","modified_gmt":"2022-11-16T08:50:01","slug":"irunara-ateraldia","status":"publish","type":"post","link":"https:\/\/cptafalla.educacion.navarra.es\/web\/2022\/11\/irunara-ateraldia\/","title":{"rendered":"IRU\u00d1ARA ATERALDIA"},"content":{"rendered":"\n<p>Pasa den ostiralean azaroaren 11an, D ereduko 1. eta 2. mailako ikasleak Iru\u00f1era joan ginen eguna pasatzera. Bertan Nafarroakon museoa bisitatu genuen eta eskeintzen zuten nafarroako emakume ilustratzaileen erakusketa ikusi genuen. Ondoren, landutakoa praktikan jartzeko tailer bat egin genuen.<\/p>\n<div>\n<div>Ekintza amaitu ondoren, Iru\u00f1eako alde zaharretik buelta bat eman genuen. Primerako eguna izan zen!<\/div>\n<div>\u00a0<\/div>\n<div>El pasado viernes 11 de noviembre, el alumnado de 1\u00ba y 2\u00ba de primaria del modelo D fuimos a pasar el d\u00eda a Iru\u00f1a. All\u00ed visitamos el Museo de Navarra y vimos la exposici\u00f3n que ofrec\u00edan sobre ilustradoras navarras. Despu\u00e9s, para poner en pr\u00e1ctica lo trabajado, realizamos un bonito taller.\u00a0<\/div>\n<div>Una vez finalizada la actividad dimos una vuelta por la parte vieja de Iru\u00f1a. \u00a1Lo pasamos muy bien!<\/div>\n<\/div>\n<div>\u00a0<\/div>\n<div><a href=\"https:\/\/cptafalla.educacion.navarra.es\/web\/wp-content\/uploads\/2022\/11\/IRUNARA-8.jpg\"><img loading=\"lazy\" class=\"alignnone size-thumbnail wp-image-6467\" src=\"https:\/\/cptafalla.educacion.navarra.es\/web\/wp-content\/uploads\/2022\/11\/IRUNARA-8-150x150.jpg\" alt=\"\" width=\"150\" height=\"150\" \/><\/a><a href=\"https:\/\/cptafalla.educacion.navarra.es\/web\/wp-content\/uploads\/2022\/11\/iRUNERA-ATERALDIA-1.jpg\"><img loading=\"lazy\" class=\"alignnone size-thumbnail wp-image-6466\" src=\"https:\/\/cptafalla.educacion.navarra.es\/web\/wp-content\/uploads\/2022\/11\/iRUNERA-ATERALDIA-1-150x150.jpg\" alt=\"\" width=\"150\" height=\"150\" \/><\/a><a href=\"https:\/\/cptafalla.educacion.navarra.es\/web\/wp-content\/uploads\/2022\/11\/IRUNERA-5.jpg\"><img loading=\"lazy\" class=\"alignnone size-thumbnail wp-image-6465\" src=\"https:\/\/cptafalla.educacion.navarra.es\/web\/wp-content\/uploads\/2022\/11\/IRUNERA-5-150x150.jpg\" alt=\"\" width=\"150\" height=\"150\" \/><\/a><a href=\"https:\/\/cptafalla.educacion.navarra.es\/web\/wp-content\/uploads\/2022\/11\/IRUNERA-4.jpg\"><img loading=\"lazy\" class=\"alignnone size-thumbnail wp-image-6464\" src=\"https:\/\/cptafalla.educacion.navarra.es\/web\/wp-content\/uploads\/2022\/11\/IRUNERA-4-150x150.jpg\" alt=\"\" width=\"150\" height=\"150\" \/><\/a><a href=\"https:\/\/cptafalla.educacion.navarra.es\/web\/wp-content\/uploads\/2022\/11\/iRUNERA-3.jpg\"><img loading=\"lazy\" class=\"alignnone size-thumbnail wp-image-6463\" src=\"https:\/\/cptafalla.educacion.navarra.es\/web\/wp-content\/uploads\/2022\/11\/iRUNERA-3-150x150.jpg\" alt=\"\" width=\"150\" height=\"150\" \/><\/a><a href=\"https:\/\/cptafalla.educacion.navarra.es\/web\/wp-content\/uploads\/2022\/11\/iRUNERA-2.jpg\"><img loading=\"lazy\" class=\"alignnone size-thumbnail wp-image-6462\" src=\"https:\/\/cptafalla.educacion.navarra.es\/web\/wp-content\/uploads\/2022\/11\/iRUNERA-2-150x150.jpg\" alt=\"\" width=\"150\" height=\"150\" \/><\/a><a href=\"https:\/\/cptafalla.educacion.navarra.es\/web\/wp-content\/uploads\/2022\/11\/IRUNARa-7.jpg\"><img loading=\"lazy\" class=\"alignnone size-thumbnail wp-image-6461\" src=\"https:\/\/cptafalla.educacion.navarra.es\/web\/wp-content\/uploads\/2022\/11\/IRUNARa-7-150x150.jpg\" alt=\"\" width=\"150\" height=\"150\" \/><\/a><a href=\"https:\/\/cptafalla.educacion.navarra.es\/web\/wp-content\/uploads\/2022\/11\/iRUNARA-6.jpg\"><img loading=\"lazy\" class=\"alignnone size-thumbnail wp-image-6460\" src=\"https:\/\/cptafalla.educacion.navarra.es\/web\/wp-content\/uploads\/2022\/11\/iRUNARA-6-150x150.jpg\" alt=\"\" width=\"150\" height=\"150\" \/><\/a><\/div>\n","protected":false},"excerpt":{"rendered":"<p>Pasa den ostiralean azaroaren 11an, D ereduko 1. eta 2. mailako ikasleak Iru\u00f1era joan ginen eguna pasatzera. Bertan Nafarroakon museoa bisitatu genuen eta eskeintzen zuten nafarroako emakume ilustratzaileen erakusketa ikusi genuen. Ondoren, landutakoa praktikan jartzeko tailer bat egin genuen. Ekintza amaitu ondoren, Iru\u00f1eako alde zaharretik buelta bat eman genuen. Primerako eguna izan zen! \u00a0 El &hellip; <a href=\"https:\/\/cptafalla.educacion.navarra.es\/web\/2022\/11\/irunara-ateraldia\/\" class=\"more-link\">Seguir leyendo <span class=\"screen-reader-text\">IRU\u00d1ARA ATERALDIA<\/span> <span class=\"meta-nav\">&rarr;<\/span><\/a><\/p>\n","protected":false},"author":1,"featured_media":0,"comment_status":"closed","ping_status":"open","sticky":false,"template":"","format":"standard","meta":[],"categories":[1],"tags":[],"_links":{"self":[{"href":"https:\/\/cptafalla.educacion.navarra.es\/web\/wp-json\/wp\/v2\/posts\/6459"}],"collection":[{"href":"https:\/\/cptafalla.educacion.navarra.es\/web\/wp-json\/wp\/v2\/posts"}],"about":[{"href":"https:\/\/cptafalla.educacion.navarra.es\/web\/wp-json\/wp\/v2\/types\/post"}],"author":[{"embeddable":true,"href":"https:\/\/cptafalla.educacion.navarra.es\/web\/wp-json\/wp\/v2\/users\/1"}],"replies":[{"embeddable":true,"href":"https:\/\/cptafalla.educacion.navarra.es\/web\/wp-json\/wp\/v2\/comments?post=6459"}],"version-history":[{"count":1,"href":"https:\/\/cptafalla.educacion.navarra.es\/web\/wp-json\/wp\/v2\/posts\/6459\/revisions"}],"predecessor-version":[{"id":6468,"href":"https:\/\/cptafalla.educacion.navarra.es\/web\/wp-json\/wp\/v2\/posts\/6459\/revisions\/6468"}],"wp:attachment":[{"href":"https:\/\/cptafalla.educacion.navarra.es\/web\/wp-json\/wp\/v2\/media?parent=6459"}],"wp:term":[{"taxonomy":"category","embeddable":true,"href":"https:\/\/cptafalla.educacion.navarra.es\/web\/wp-json\/wp\/v2\/categories?post=6459"},{"taxonomy":"post_tag","embeddable":true,"href":"https:\/\/cptafalla.educacion.navarra.es\/web\/wp-json\/wp\/v2\/tags?post=6459"}],"curies":[{"name":"wp","href":"https:\/\/api.w.org\/{rel}","templated":true}]}}