{"id":6286,"date":"2022-10-06T12:56:00","date_gmt":"2022-10-06T10:56:00","guid":{"rendered":"https:\/\/cptafalla.educacion.navarra.es\/web\/?p=6286"},"modified":"2022-10-06T22:02:37","modified_gmt":"2022-10-06T20:02:37","slug":"jubilacion-de-merchemercheren-erretiroa","status":"publish","type":"post","link":"https:\/\/cptafalla.educacion.navarra.es\/web\/2022\/10\/jubilacion-de-merchemercheren-erretiroa\/","title":{"rendered":"JUBILACI\u00d3N DE MERCHE<BR>MERCHEREN ERRETIROA"},"content":{"rendered":"\n<p>AYER MI\u00c9RCOLES, DESPU\u00c9S DE MUCHOS A\u00d1OS DEDICADOS A LA DOCENCIA, SE JUBIL\u00d3 NUESTRA COMPA\u00d1ERA MERCHE ECHEVERR\u00cdA.<\/p>\n<p>DE PARTE DE TODA LA COMUNIDAD EDUCATIVA, QUEREMOS DESEARLE TODO LO MEJOR EN ESTA NUEVA ETAPA QUE INICIA Y AGRADECERLE SU TRABAJO, DEDICACI\u00d3N Y CARI\u00d1O A LO LARGO DE TODOS ESTOS A\u00d1OS.<\/p>\n<p>ATZO, ASTEAZKENA, URTE ASKO IRAKASKUNTZAN EMAN ONDOREN, ERRETIROA HARTU ZUEN GURE LANKIDE MERCHE ECHEVERRIAK.<br \/><br \/>HEZKUNTZA-KOMUNITATE OSOAREN PARTETIK, HASITAKO ETAPA BERRI HONETAN ONENA OPA NAHI DIZUGU, ETA ESKERRAK EMAN NAHI DIZKIZUGU URTE HAUETAN EGINDAKO LANAGATIK, DEDIKAZIOAGATIK ETA MAITASUNAGATIK.<\/p>\n<p><a href=\"https:\/\/cptafalla.educacion.navarra.es\/web\/wp-content\/uploads\/2022\/10\/Mertxe-2.png\"><img loading=\"lazy\" class=\"alignnone size-medium wp-image-6284\" src=\"https:\/\/cptafalla.educacion.navarra.es\/web\/wp-content\/uploads\/2022\/10\/Mertxe-2-300x165.png\" alt=\"\" width=\"300\" height=\"165\" srcset=\"https:\/\/cptafalla.educacion.navarra.es\/web\/wp-content\/uploads\/2022\/10\/Mertxe-2-300x165.png 300w, https:\/\/cptafalla.educacion.navarra.es\/web\/wp-content\/uploads\/2022\/10\/Mertxe-2-768x422.png 768w, https:\/\/cptafalla.educacion.navarra.es\/web\/wp-content\/uploads\/2022\/10\/Mertxe-2-672x372.png 672w, https:\/\/cptafalla.educacion.navarra.es\/web\/wp-content\/uploads\/2022\/10\/Mertxe-2.png 1000w\" sizes=\"(max-width: 300px) 100vw, 300px\" \/><\/a><a href=\"https:\/\/cptafalla.educacion.navarra.es\/web\/wp-content\/uploads\/2022\/10\/Mertxe-1.png\"><img loading=\"lazy\" class=\"alignnone size-medium wp-image-6283\" src=\"https:\/\/cptafalla.educacion.navarra.es\/web\/wp-content\/uploads\/2022\/10\/Mertxe-1-300x165.png\" alt=\"\" width=\"300\" height=\"165\" srcset=\"https:\/\/cptafalla.educacion.navarra.es\/web\/wp-content\/uploads\/2022\/10\/Mertxe-1-300x165.png 300w, https:\/\/cptafalla.educacion.navarra.es\/web\/wp-content\/uploads\/2022\/10\/Mertxe-1-768x422.png 768w, https:\/\/cptafalla.educacion.navarra.es\/web\/wp-content\/uploads\/2022\/10\/Mertxe-1-672x372.png 672w, https:\/\/cptafalla.educacion.navarra.es\/web\/wp-content\/uploads\/2022\/10\/Mertxe-1.png 1000w\" sizes=\"(max-width: 300px) 100vw, 300px\" \/><\/a><\/p>\n<p><a href=\"https:\/\/youtu.be\/Ugqi2DvBmcQ\">VIDEO 1<\/a><\/p>\n<p><a href=\"https:\/\/youtu.be\/Ugqi2DvBmcQ\">VIDEO 2<\/a><\/p>\n","protected":false},"excerpt":{"rendered":"<p>AYER MI\u00c9RCOLES, DESPU\u00c9S DE MUCHOS A\u00d1OS DEDICADOS A LA DOCENCIA, SE JUBIL\u00d3 NUESTRA COMPA\u00d1ERA MERCHE ECHEVERR\u00cdA. DE PARTE DE TODA LA COMUNIDAD EDUCATIVA, QUEREMOS DESEARLE TODO LO MEJOR EN ESTA NUEVA ETAPA QUE INICIA Y AGRADECERLE SU TRABAJO, DEDICACI\u00d3N Y CARI\u00d1O A LO LARGO DE TODOS ESTOS A\u00d1OS. ATZO, ASTEAZKENA, URTE ASKO IRAKASKUNTZAN EMAN ONDOREN, &hellip; <a href=\"https:\/\/cptafalla.educacion.navarra.es\/web\/2022\/10\/jubilacion-de-merchemercheren-erretiroa\/\" class=\"more-link\">Seguir leyendo <span class=\"screen-reader-text\">JUBILACI\u00d3N DE MERCHE<BR>MERCHEREN ERRETIROA<\/span> <span class=\"meta-nav\">&rarr;<\/span><\/a><\/p>\n","protected":false},"author":1,"featured_media":0,"comment_status":"closed","ping_status":"open","sticky":false,"template":"","format":"standard","meta":[],"categories":[1],"tags":[],"_links":{"self":[{"href":"https:\/\/cptafalla.educacion.navarra.es\/web\/wp-json\/wp\/v2\/posts\/6286"}],"collection":[{"href":"https:\/\/cptafalla.educacion.navarra.es\/web\/wp-json\/wp\/v2\/posts"}],"about":[{"href":"https:\/\/cptafalla.educacion.navarra.es\/web\/wp-json\/wp\/v2\/types\/post"}],"author":[{"embeddable":true,"href":"https:\/\/cptafalla.educacion.navarra.es\/web\/wp-json\/wp\/v2\/users\/1"}],"replies":[{"embeddable":true,"href":"https:\/\/cptafalla.educacion.navarra.es\/web\/wp-json\/wp\/v2\/comments?post=6286"}],"version-history":[{"count":2,"href":"https:\/\/cptafalla.educacion.navarra.es\/web\/wp-json\/wp\/v2\/posts\/6286\/revisions"}],"predecessor-version":[{"id":6289,"href":"https:\/\/cptafalla.educacion.navarra.es\/web\/wp-json\/wp\/v2\/posts\/6286\/revisions\/6289"}],"wp:attachment":[{"href":"https:\/\/cptafalla.educacion.navarra.es\/web\/wp-json\/wp\/v2\/media?parent=6286"}],"wp:term":[{"taxonomy":"category","embeddable":true,"href":"https:\/\/cptafalla.educacion.navarra.es\/web\/wp-json\/wp\/v2\/categories?post=6286"},{"taxonomy":"post_tag","embeddable":true,"href":"https:\/\/cptafalla.educacion.navarra.es\/web\/wp-json\/wp\/v2\/tags?post=6286"}],"curies":[{"name":"wp","href":"https:\/\/api.w.org\/{rel}","templated":true}]}}