{"id":6239,"date":"2022-09-30T09:44:15","date_gmt":"2022-09-30T07:44:15","guid":{"rendered":"https:\/\/cptafalla.educacion.navarra.es\/web\/?p=6239"},"modified":"2022-09-30T09:44:15","modified_gmt":"2022-09-30T07:44:15","slug":"berdesia","status":"publish","type":"post","link":"https:\/\/cptafalla.educacion.navarra.es\/web\/2022\/09\/berdesia\/","title":{"rendered":"BERDESIA"},"content":{"rendered":"\n<p><strong><span style=\"color: #404040;\"><span style=\"font-family: Comic Sans MS, cursive;\"><span style=\"font-size: medium;\">El pasado 27 de septiembre el alumnado <\/span><\/span><\/span><\/strong><strong><span style=\"color: #404040;\"><span style=\"font-family: Comic Sans MS, cursive;\"><span style=\"font-size: medium;\">de modelo A\/G y el 28 el modelo D<\/span><\/span><\/span><\/strong><strong><span style=\"color: #404040;\"><span style=\"font-family: Comic Sans MS, cursive;\"><span style=\"font-size: medium;\"> de 4.\u00ba, 5.\u00ba y 6<\/span><\/span><\/span><\/strong><strong><span style=\"color: #404040;\"><span style=\"font-family: Comic Sans MS, cursive;\"><span style=\"font-size: medium;\">\u00ba <\/span><\/span><\/span><\/strong><strong><span style=\"color: #404040;\"><span style=\"font-family: Comic Sans MS, cursive;\"><span style=\"font-size: medium;\"> de Educaci\u00f3n Primaria asisti\u00f3 a una charla ofrecida por el rastreador profesional Fernando G\u00f3mez,dentro de la Semana de la Fauna Salvaje impulsada por la Asociaci\u00f3n Berdesia.<\/span><\/span><\/span><\/strong><\/p>\n<p><strong><span style=\"font-family: Comic Sans MS, cursive;\">Durante la sesi\u00f3n, el experto explic\u00f3 al alumnado c\u00f3mo desarrolla su trabajo de rastreador y expuso la importancia de la biodiversidad de Tafalla. Para ello ense\u00f1\u00f3 al alumnado, de forma muy motivadora, a saber mirar a su entorno destacando la importancia del cuidado del medioambiente.<\/span><\/strong><\/p>\n<p><span style=\"font-family: Comic Sans MS, cursive;\"><span style=\"color: #000000;\">Joan den irailaren 27an, Lehen Hezkuntzako 4., 5. eta 6. mailako ikasleak <\/span><span style=\"color: #000000;\">A\/G eredukoak eta irailaren 28an D ereduko ikasleak, <\/span><span style=\"color: #000000;\">Fernando G\u00f3mez arakatzaile profesionalak emandako hitzaldi batean izan ziren, Berdesia Elkarteak bultzatutako Fauna Basatiaren Astearen barruan.<\/span><br \/><br \/><span style=\"color: #000000;\">Saioan zehar, adituak bere lana nola egiten duen azaldu zien ikasleei eta Tafallako biodibertsitatearen garrantzia azaldu zuen. Horretarako, ikasleei, oso modu motibagarrian, ingurunera begiratzen irakatsi zien, ingurumena zaintzearen garrantzia nabarmenduz.<\/span> <\/span><\/p>\n<p><a href=\"https:\/\/cptafalla.educacion.navarra.es\/web\/wp-content\/uploads\/2022\/09\/Berdesia-6.jpg\"><img loading=\"lazy\" class=\"alignnone size-medium wp-image-6238\" src=\"https:\/\/cptafalla.educacion.navarra.es\/web\/wp-content\/uploads\/2022\/09\/Berdesia-6-300x169.jpg\" alt=\"\" width=\"300\" height=\"169\" srcset=\"https:\/\/cptafalla.educacion.navarra.es\/web\/wp-content\/uploads\/2022\/09\/Berdesia-6-300x169.jpg 300w, https:\/\/cptafalla.educacion.navarra.es\/web\/wp-content\/uploads\/2022\/09\/Berdesia-6-768x432.jpg 768w, https:\/\/cptafalla.educacion.navarra.es\/web\/wp-content\/uploads\/2022\/09\/Berdesia-6.jpg 1000w\" sizes=\"(max-width: 300px) 100vw, 300px\" \/><\/a><a href=\"https:\/\/cptafalla.educacion.navarra.es\/web\/wp-content\/uploads\/2022\/09\/Berdesia-8.jpg\"><img loading=\"lazy\" class=\"size-medium wp-image-6237 alignright\" src=\"https:\/\/cptafalla.educacion.navarra.es\/web\/wp-content\/uploads\/2022\/09\/Berdesia-8-300x169.jpg\" alt=\"\" width=\"300\" height=\"169\" srcset=\"https:\/\/cptafalla.educacion.navarra.es\/web\/wp-content\/uploads\/2022\/09\/Berdesia-8-300x169.jpg 300w, https:\/\/cptafalla.educacion.navarra.es\/web\/wp-content\/uploads\/2022\/09\/Berdesia-8-768x432.jpg 768w, https:\/\/cptafalla.educacion.navarra.es\/web\/wp-content\/uploads\/2022\/09\/Berdesia-8.jpg 1000w\" sizes=\"(max-width: 300px) 100vw, 300px\" \/><\/a><a href=\"https:\/\/cptafalla.educacion.navarra.es\/web\/wp-content\/uploads\/2022\/09\/Berdesia-2.jpg\"><img loading=\"lazy\" class=\"alignnone size-medium wp-image-6232\" src=\"https:\/\/cptafalla.educacion.navarra.es\/web\/wp-content\/uploads\/2022\/09\/Berdesia-2-300x300.jpg\" alt=\"\" width=\"300\" height=\"300\" srcset=\"https:\/\/cptafalla.educacion.navarra.es\/web\/wp-content\/uploads\/2022\/09\/Berdesia-2-300x300.jpg 300w, https:\/\/cptafalla.educacion.navarra.es\/web\/wp-content\/uploads\/2022\/09\/Berdesia-2-150x150.jpg 150w, https:\/\/cptafalla.educacion.navarra.es\/web\/wp-content\/uploads\/2022\/09\/Berdesia-2-768x768.jpg 768w, https:\/\/cptafalla.educacion.navarra.es\/web\/wp-content\/uploads\/2022\/09\/Berdesia-2.jpg 1000w\" sizes=\"(max-width: 300px) 100vw, 300px\" \/><\/a><a href=\"https:\/\/cptafalla.educacion.navarra.es\/web\/wp-content\/uploads\/2022\/09\/Berdesia-1.jpg\"><img loading=\"lazy\" class=\"size-medium wp-image-6231 alignright\" src=\"https:\/\/cptafalla.educacion.navarra.es\/web\/wp-content\/uploads\/2022\/09\/Berdesia-1-300x300.jpg\" alt=\"\" width=\"300\" height=\"300\" srcset=\"https:\/\/cptafalla.educacion.navarra.es\/web\/wp-content\/uploads\/2022\/09\/Berdesia-1-300x300.jpg 300w, https:\/\/cptafalla.educacion.navarra.es\/web\/wp-content\/uploads\/2022\/09\/Berdesia-1-150x150.jpg 150w, https:\/\/cptafalla.educacion.navarra.es\/web\/wp-content\/uploads\/2022\/09\/Berdesia-1-768x768.jpg 768w, https:\/\/cptafalla.educacion.navarra.es\/web\/wp-content\/uploads\/2022\/09\/Berdesia-1.jpg 1000w\" sizes=\"(max-width: 300px) 100vw, 300px\" \/><\/a><a href=\"https:\/\/cptafalla.educacion.navarra.es\/web\/wp-content\/uploads\/2022\/09\/Berdesia-4.jpg\"><img loading=\"lazy\" class=\"alignnone size-medium wp-image-6234\" src=\"https:\/\/cptafalla.educacion.navarra.es\/web\/wp-content\/uploads\/2022\/09\/Berdesia-4-300x300.jpg\" alt=\"\" width=\"300\" height=\"300\" srcset=\"https:\/\/cptafalla.educacion.navarra.es\/web\/wp-content\/uploads\/2022\/09\/Berdesia-4-300x300.jpg 300w, https:\/\/cptafalla.educacion.navarra.es\/web\/wp-content\/uploads\/2022\/09\/Berdesia-4-150x150.jpg 150w, https:\/\/cptafalla.educacion.navarra.es\/web\/wp-content\/uploads\/2022\/09\/Berdesia-4-768x768.jpg 768w, https:\/\/cptafalla.educacion.navarra.es\/web\/wp-content\/uploads\/2022\/09\/Berdesia-4.jpg 1000w\" sizes=\"(max-width: 300px) 100vw, 300px\" \/><\/a><\/p>\n","protected":false},"excerpt":{"rendered":"<p>El pasado 27 de septiembre el alumnado de modelo A\/G y el 28 el modelo D de 4.\u00ba, 5.\u00ba y 6\u00ba de Educaci\u00f3n Primaria asisti\u00f3 a una charla ofrecida por el rastreador profesional Fernando G\u00f3mez,dentro de la Semana de la Fauna Salvaje impulsada por la Asociaci\u00f3n Berdesia. Durante la sesi\u00f3n, el experto explic\u00f3 al alumnado &hellip; <a href=\"https:\/\/cptafalla.educacion.navarra.es\/web\/2022\/09\/berdesia\/\" class=\"more-link\">Seguir leyendo <span class=\"screen-reader-text\">BERDESIA<\/span> <span class=\"meta-nav\">&rarr;<\/span><\/a><\/p>\n","protected":false},"author":1,"featured_media":0,"comment_status":"closed","ping_status":"open","sticky":false,"template":"","format":"standard","meta":[],"categories":[1],"tags":[],"_links":{"self":[{"href":"https:\/\/cptafalla.educacion.navarra.es\/web\/wp-json\/wp\/v2\/posts\/6239"}],"collection":[{"href":"https:\/\/cptafalla.educacion.navarra.es\/web\/wp-json\/wp\/v2\/posts"}],"about":[{"href":"https:\/\/cptafalla.educacion.navarra.es\/web\/wp-json\/wp\/v2\/types\/post"}],"author":[{"embeddable":true,"href":"https:\/\/cptafalla.educacion.navarra.es\/web\/wp-json\/wp\/v2\/users\/1"}],"replies":[{"embeddable":true,"href":"https:\/\/cptafalla.educacion.navarra.es\/web\/wp-json\/wp\/v2\/comments?post=6239"}],"version-history":[{"count":2,"href":"https:\/\/cptafalla.educacion.navarra.es\/web\/wp-json\/wp\/v2\/posts\/6239\/revisions"}],"predecessor-version":[{"id":6241,"href":"https:\/\/cptafalla.educacion.navarra.es\/web\/wp-json\/wp\/v2\/posts\/6239\/revisions\/6241"}],"wp:attachment":[{"href":"https:\/\/cptafalla.educacion.navarra.es\/web\/wp-json\/wp\/v2\/media?parent=6239"}],"wp:term":[{"taxonomy":"category","embeddable":true,"href":"https:\/\/cptafalla.educacion.navarra.es\/web\/wp-json\/wp\/v2\/categories?post=6239"},{"taxonomy":"post_tag","embeddable":true,"href":"https:\/\/cptafalla.educacion.navarra.es\/web\/wp-json\/wp\/v2\/tags?post=6239"}],"curies":[{"name":"wp","href":"https:\/\/api.w.org\/{rel}","templated":true}]}}