{"id":6088,"date":"2022-06-09T10:07:19","date_gmt":"2022-06-09T08:07:19","guid":{"rendered":"https:\/\/cptafalla.educacion.navarra.es\/web\/?p=6088"},"modified":"2022-06-09T10:08:40","modified_gmt":"2022-06-09T08:08:40","slug":"english-week-residencial","status":"publish","type":"post","link":"https:\/\/cptafalla.educacion.navarra.es\/web\/2022\/06\/english-week-residencial\/","title":{"rendered":"ENGLISH WEEK RESIDENCIAL"},"content":{"rendered":"\n<p><span style=\"color: #222222;\"><span style=\"font-family: Arial, sans-serif;\"><span style=\"font-size: large;\">[CAS] El alumnado de 5.\u00b0 de E. Primaria de los Modelos A\/G particip\u00f3 la semana pasada en el programa &#8220;English Week Residencial&#8221;.<\/span><\/span><\/span><\/p>\n<p><span style=\"color: #222222;\"><span style=\"font-family: Arial, sans-serif;\"><span style=\"font-size: large;\">Fue una bonita experiencia de inmersi\u00f3n ling\u00fc\u00edstica en la que los chicos y chicas disfrutaron de la experiencia y de las actividades que se prepararon desde CNAI. \u00a1Fue todo genial!<\/span><\/span><\/span><\/p>\n<p align=\"left\"><span style=\"font-family: Arial, sans-serif;\"><span style=\"font-size: large;\"><span style=\"color: #000000;\">[EUS] <\/span><span style=\"color: #000000;\">A\/G ereduetako Lehen Hezkuntzako 5. mailako ikasleek &#8220;English Week Residencial&#8221; programan parte hartu zuten joan den astean.<\/span><\/span><\/span><\/p>\n<p align=\"left\"><span style=\"font-family: Arial, sans-serif;\"><span style=\"font-size: large;\"><span style=\"color: #000000;\">Murgiltze linguistikoko esperientzia polita izan zen, eta neska-mutilek CNAIk prestatu zituen esperientziaz eta jarduerez gozatu zuten. Dena bikaina izan <\/span><span style=\"color: #000000;\">zen<\/span><span style=\"color: #000000;\">!<\/span> <\/span><\/span><\/p>\n\n\n\n<figure class=\"wp-block-gallery has-nested-images columns-default is-cropped\">\n<figure class=\"wp-block-image size-large\"><a href=\"https:\/\/cptafalla.educacion.navarra.es\/web\/wp-content\/uploads\/2022\/06\/1.jpg\"><img loading=\"lazy\" width=\"1000\" height=\"800\" data-id=\"6090\"  src=\"https:\/\/cptafalla.educacion.navarra.es\/web\/wp-content\/uploads\/2022\/06\/1.jpg\" alt=\"\" class=\"wp-image-6090\" srcset=\"https:\/\/cptafalla.educacion.navarra.es\/web\/wp-content\/uploads\/2022\/06\/1.jpg 1000w, https:\/\/cptafalla.educacion.navarra.es\/web\/wp-content\/uploads\/2022\/06\/1-300x240.jpg 300w, https:\/\/cptafalla.educacion.navarra.es\/web\/wp-content\/uploads\/2022\/06\/1-768x614.jpg 768w\" sizes=\"(max-width: 1000px) 100vw, 1000px\" \/><\/a><\/figure>\n\n\n\n<figure class=\"wp-block-image size-large\"><a href=\"https:\/\/cptafalla.educacion.navarra.es\/web\/wp-content\/uploads\/2022\/06\/2.jpg\"><img loading=\"lazy\" width=\"1000\" height=\"800\" data-id=\"6089\"  src=\"https:\/\/cptafalla.educacion.navarra.es\/web\/wp-content\/uploads\/2022\/06\/2.jpg\" alt=\"\" class=\"wp-image-6089\" srcset=\"https:\/\/cptafalla.educacion.navarra.es\/web\/wp-content\/uploads\/2022\/06\/2.jpg 1000w, https:\/\/cptafalla.educacion.navarra.es\/web\/wp-content\/uploads\/2022\/06\/2-300x240.jpg 300w, https:\/\/cptafalla.educacion.navarra.es\/web\/wp-content\/uploads\/2022\/06\/2-768x614.jpg 768w\" sizes=\"(max-width: 1000px) 100vw, 1000px\" \/><\/a><\/figure>\n<\/figure>\n","protected":false},"excerpt":{"rendered":"<p>[CAS] El alumnado de 5.\u00b0 de E. Primaria de los Modelos A\/G particip\u00f3 la semana pasada en el programa &#8220;English Week Residencial&#8221;. Fue una bonita experiencia de inmersi\u00f3n ling\u00fc\u00edstica en la que los chicos y chicas disfrutaron de la experiencia y de las actividades que se prepararon desde CNAI. \u00a1Fue todo genial! [EUS] A\/G ereduetako &hellip; <a href=\"https:\/\/cptafalla.educacion.navarra.es\/web\/2022\/06\/english-week-residencial\/\" class=\"more-link\">Seguir leyendo <span class=\"screen-reader-text\">ENGLISH WEEK RESIDENCIAL<\/span> <span class=\"meta-nav\">&rarr;<\/span><\/a><\/p>\n","protected":false},"author":1,"featured_media":0,"comment_status":"closed","ping_status":"open","sticky":false,"template":"","format":"standard","meta":[],"categories":[1],"tags":[],"_links":{"self":[{"href":"https:\/\/cptafalla.educacion.navarra.es\/web\/wp-json\/wp\/v2\/posts\/6088"}],"collection":[{"href":"https:\/\/cptafalla.educacion.navarra.es\/web\/wp-json\/wp\/v2\/posts"}],"about":[{"href":"https:\/\/cptafalla.educacion.navarra.es\/web\/wp-json\/wp\/v2\/types\/post"}],"author":[{"embeddable":true,"href":"https:\/\/cptafalla.educacion.navarra.es\/web\/wp-json\/wp\/v2\/users\/1"}],"replies":[{"embeddable":true,"href":"https:\/\/cptafalla.educacion.navarra.es\/web\/wp-json\/wp\/v2\/comments?post=6088"}],"version-history":[{"count":2,"href":"https:\/\/cptafalla.educacion.navarra.es\/web\/wp-json\/wp\/v2\/posts\/6088\/revisions"}],"predecessor-version":[{"id":6092,"href":"https:\/\/cptafalla.educacion.navarra.es\/web\/wp-json\/wp\/v2\/posts\/6088\/revisions\/6092"}],"wp:attachment":[{"href":"https:\/\/cptafalla.educacion.navarra.es\/web\/wp-json\/wp\/v2\/media?parent=6088"}],"wp:term":[{"taxonomy":"category","embeddable":true,"href":"https:\/\/cptafalla.educacion.navarra.es\/web\/wp-json\/wp\/v2\/categories?post=6088"},{"taxonomy":"post_tag","embeddable":true,"href":"https:\/\/cptafalla.educacion.navarra.es\/web\/wp-json\/wp\/v2\/tags?post=6088"}],"curies":[{"name":"wp","href":"https:\/\/api.w.org\/{rel}","templated":true}]}}