{"id":5694,"date":"2022-02-01T12:21:18","date_gmt":"2022-02-01T11:21:18","guid":{"rendered":"https:\/\/cptafalla.educacion.navarra.es\/web\/?p=5694"},"modified":"2022-02-02T12:03:21","modified_gmt":"2022-02-02T11:03:21","slug":"dia-de-la-pazbakearen-eguna-3","status":"publish","type":"post","link":"https:\/\/cptafalla.educacion.navarra.es\/web\/2022\/02\/dia-de-la-pazbakearen-eguna-3\/","title":{"rendered":"D\u00cdA DE LA PAZ<br>BAKEAREN EGUNA"},"content":{"rendered":"\n<div class=\"cxmmr5t8 oygrvhab hcukyx3x c1et5uql o9v6fnle ii04i59q\">\n<div dir=\"auto\">[CAS]El pasado viernes, 28 de enero, celebramos en Comarcales el D\u00eda de la Paz.<\/div>\n<div dir=\"auto\">Con el lema &#8220;Por un mundo mejor, Mundu hobe batengatik&#8221;, se han trabajado en las aulas, con anterioridad a esa fecha, aspectos relacionados con la construcci\u00f3n de una mejor convivencia.<\/div>\n<div dir=\"auto\">En el d\u00eda de dicha celebraci\u00f3n se escucharon por megafon\u00eda, como inicio y fin de la jornada, canciones que hablaban de esperanza, respeto y libertad.<\/div>\n<\/div>\n<div class=\"cxmmr5t8 oygrvhab hcukyx3x c1et5uql o9v6fnle ii04i59q\">\n<div dir=\"auto\">Adem\u00e1s, abrimos nuestra &#8220;C\u00e1psula, expr\u00e9s, del Tiempo&#8221;.<\/div>\n<div dir=\"auto\">El 29 de enero de 2016 se precintaron dos c\u00e1psulas que conten\u00edan mensajes con deseos del alumnado, informaci\u00f3n de prensa de aquel d\u00eda u objetos, como actividad que secundaba los Objetivos de Desarrollo Sostenible que marc\u00f3 la ONU, en pro de una convivencia y un mundo mejores.<\/div>\n<div dir=\"auto\">Una hab\u00eda que abrirla el 28 de enero de 2022, y se hizo con el alumnado de 4.\u00ba, 5.\u00ba y 6.\u00ba, que son los grupos que estaban en E. Infantil en el a\u00f1o 2016..<\/div>\n<div dir=\"auto\">La otra c\u00e1psula habr\u00e1 que abrirla en 2030, fecha que dio Naciones Unidas para el logro de dichos Objetivos.<\/div>\n<\/div>\n<div class=\"cxmmr5t8 oygrvhab hcukyx3x c1et5uql o9v6fnle ii04i59q\">\n<div dir=\"auto\">\u00a1\u00a1Fue emocionante!!<\/div>\n<\/div>\n<div class=\"cxmmr5t8 oygrvhab hcukyx3x c1et5uql o9v6fnle ii04i59q\">\n<div dir=\"auto\">\u00a0<\/div>\n<\/div>\n<div class=\"cxmmr5t8 oygrvhab hcukyx3x c1et5uql o9v6fnle ii04i59q\">\n<div dir=\"auto\">[EUS]Joan den ostiralean, urtarrilak 28, Comarcalesen Bakearen Eguna ospatu genuen.<\/div>\n<div dir=\"auto\">\u201cMundu hobe batengatik\u201d goiburuarekin, elkarbizitza hobea eraikitzearekin zerikusia duten alderdiak landu ziren geletan, data hori baino lehen.<\/div>\n<div dir=\"auto\">Ospakizun horren egunean, megafonia bidez, egunaren hasiera eta amaiera gisa, itxaropenaz, errespetuaz eta askatasunaz hitz egiten zuten abestiak entzun ziren.<\/div>\n<\/div>\n<div class=\"cxmmr5t8 oygrvhab hcukyx3x c1et5uql o9v6fnle ii04i59q\">\n<div dir=\"auto\">Gainera, gure &#8220;Denboraren kapsula espresa&#8221; ireki genuen.<\/div>\n<div dir=\"auto\">2016ko urtarrilaren 29an, bi kapsula egin ziren, ikasleen mezuak, egun hartako prentsa-informazioa edo objektuak zeuden bertan.<\/div>\n<div dir=\"auto\">Bat 2022ko urtarrilaren 28an ireki behar zen, eta 4. 5. eta 6. mailako ikasleak bereganatu zituen, hau da, Haur Hezkuntzan 2016an zeuden taldeek.<\/div>\n<div dir=\"auto\">Beste kapsula 2030ean ireki beharko da.<\/div>\n<\/div>\n<div class=\"cxmmr5t8 oygrvhab hcukyx3x c1et5uql o9v6fnle ii04i59q\">\n<div dir=\"auto\">Zirraragarria izan zen!<\/div>\n<\/div>\n\n\n\n<figure class=\"wp-block-image size-large\"><a href=\"https:\/\/cptafalla.educacion.navarra.es\/web\/wp-content\/uploads\/2022\/02\/por-un-mundo-mejor.jpeg\"><img loading=\"lazy\" width=\"1024\" height=\"975\" src=\"https:\/\/cptafalla.educacion.navarra.es\/web\/wp-content\/uploads\/2022\/02\/por-un-mundo-mejor-1024x975.jpeg\" alt=\"\" class=\"wp-image-5704\" srcset=\"https:\/\/cptafalla.educacion.navarra.es\/web\/wp-content\/uploads\/2022\/02\/por-un-mundo-mejor-1024x975.jpeg 1024w, https:\/\/cptafalla.educacion.navarra.es\/web\/wp-content\/uploads\/2022\/02\/por-un-mundo-mejor-300x286.jpeg 300w, https:\/\/cptafalla.educacion.navarra.es\/web\/wp-content\/uploads\/2022\/02\/por-un-mundo-mejor-768x731.jpeg 768w, https:\/\/cptafalla.educacion.navarra.es\/web\/wp-content\/uploads\/2022\/02\/por-un-mundo-mejor.jpeg 1339w\" sizes=\"(max-width: 1024px) 100vw, 1024px\" \/><\/a><\/figure>\n\n\n\n<figure class=\"wp-block-gallery has-nested-images columns-default is-cropped\">\n<figure class=\"wp-block-image size-large\"><a href=\"https:\/\/cptafalla.educacion.navarra.es\/web\/wp-content\/uploads\/2022\/02\/IMG-1008-scaled.jpg\"><img loading=\"lazy\" width=\"1024\" height=\"1024\" data-id=\"5695\"  src=\"https:\/\/cptafalla.educacion.navarra.es\/web\/wp-content\/uploads\/2022\/02\/IMG-1008-1024x1024.jpg\" alt=\"\" class=\"wp-image-5695\" srcset=\"https:\/\/cptafalla.educacion.navarra.es\/web\/wp-content\/uploads\/2022\/02\/IMG-1008-1024x1024.jpg 1024w, https:\/\/cptafalla.educacion.navarra.es\/web\/wp-content\/uploads\/2022\/02\/IMG-1008-300x300.jpg 300w, https:\/\/cptafalla.educacion.navarra.es\/web\/wp-content\/uploads\/2022\/02\/IMG-1008-150x150.jpg 150w, https:\/\/cptafalla.educacion.navarra.es\/web\/wp-content\/uploads\/2022\/02\/IMG-1008-768x768.jpg 768w, https:\/\/cptafalla.educacion.navarra.es\/web\/wp-content\/uploads\/2022\/02\/IMG-1008-1536x1536.jpg 1536w, https:\/\/cptafalla.educacion.navarra.es\/web\/wp-content\/uploads\/2022\/02\/IMG-1008-2048x2048.jpg 2048w\" sizes=\"(max-width: 1024px) 100vw, 1024px\" \/><\/a><\/figure>\n\n\n\n<figure class=\"wp-block-image size-large\"><a href=\"https:\/\/cptafalla.educacion.navarra.es\/web\/wp-content\/uploads\/2022\/02\/IMG-1009-scaled.jpg\"><img loading=\"lazy\" width=\"1024\" height=\"1024\" data-id=\"5696\"  src=\"https:\/\/cptafalla.educacion.navarra.es\/web\/wp-content\/uploads\/2022\/02\/IMG-1009-1024x1024.jpg\" alt=\"\" class=\"wp-image-5696\" srcset=\"https:\/\/cptafalla.educacion.navarra.es\/web\/wp-content\/uploads\/2022\/02\/IMG-1009-1024x1024.jpg 1024w, https:\/\/cptafalla.educacion.navarra.es\/web\/wp-content\/uploads\/2022\/02\/IMG-1009-300x300.jpg 300w, https:\/\/cptafalla.educacion.navarra.es\/web\/wp-content\/uploads\/2022\/02\/IMG-1009-150x150.jpg 150w, https:\/\/cptafalla.educacion.navarra.es\/web\/wp-content\/uploads\/2022\/02\/IMG-1009-768x768.jpg 768w, https:\/\/cptafalla.educacion.navarra.es\/web\/wp-content\/uploads\/2022\/02\/IMG-1009-1536x1536.jpg 1536w, https:\/\/cptafalla.educacion.navarra.es\/web\/wp-content\/uploads\/2022\/02\/IMG-1009-2048x2048.jpg 2048w\" sizes=\"(max-width: 1024px) 100vw, 1024px\" \/><\/a><\/figure>\n\n\n\n<figure class=\"wp-block-image size-large\"><a href=\"https:\/\/cptafalla.educacion.navarra.es\/web\/wp-content\/uploads\/2022\/02\/IMG-1011-scaled.jpg\"><img loading=\"lazy\" width=\"1024\" height=\"1024\" data-id=\"5699\"  src=\"https:\/\/cptafalla.educacion.navarra.es\/web\/wp-content\/uploads\/2022\/02\/IMG-1011-1024x1024.jpg\" alt=\"\" class=\"wp-image-5699\" srcset=\"https:\/\/cptafalla.educacion.navarra.es\/web\/wp-content\/uploads\/2022\/02\/IMG-1011-1024x1024.jpg 1024w, https:\/\/cptafalla.educacion.navarra.es\/web\/wp-content\/uploads\/2022\/02\/IMG-1011-300x300.jpg 300w, https:\/\/cptafalla.educacion.navarra.es\/web\/wp-content\/uploads\/2022\/02\/IMG-1011-150x150.jpg 150w, https:\/\/cptafalla.educacion.navarra.es\/web\/wp-content\/uploads\/2022\/02\/IMG-1011-768x768.jpg 768w, https:\/\/cptafalla.educacion.navarra.es\/web\/wp-content\/uploads\/2022\/02\/IMG-1011-1536x1536.jpg 1536w, https:\/\/cptafalla.educacion.navarra.es\/web\/wp-content\/uploads\/2022\/02\/IMG-1011-2048x2048.jpg 2048w\" sizes=\"(max-width: 1024px) 100vw, 1024px\" \/><\/a><\/figure>\n\n\n\n<figure class=\"wp-block-image size-large\"><a href=\"https:\/\/cptafalla.educacion.navarra.es\/web\/wp-content\/uploads\/2022\/02\/IMG-1012-scaled.jpg\"><img loading=\"lazy\" width=\"1024\" height=\"1024\" data-id=\"5700\"  src=\"https:\/\/cptafalla.educacion.navarra.es\/web\/wp-content\/uploads\/2022\/02\/IMG-1012-1024x1024.jpg\" alt=\"\" class=\"wp-image-5700\" srcset=\"https:\/\/cptafalla.educacion.navarra.es\/web\/wp-content\/uploads\/2022\/02\/IMG-1012-1024x1024.jpg 1024w, https:\/\/cptafalla.educacion.navarra.es\/web\/wp-content\/uploads\/2022\/02\/IMG-1012-300x300.jpg 300w, https:\/\/cptafalla.educacion.navarra.es\/web\/wp-content\/uploads\/2022\/02\/IMG-1012-150x150.jpg 150w, https:\/\/cptafalla.educacion.navarra.es\/web\/wp-content\/uploads\/2022\/02\/IMG-1012-768x768.jpg 768w, https:\/\/cptafalla.educacion.navarra.es\/web\/wp-content\/uploads\/2022\/02\/IMG-1012-1536x1536.jpg 1536w, https:\/\/cptafalla.educacion.navarra.es\/web\/wp-content\/uploads\/2022\/02\/IMG-1012-2048x2048.jpg 2048w\" sizes=\"(max-width: 1024px) 100vw, 1024px\" \/><\/a><\/figure>\n\n\n\n<figure class=\"wp-block-image size-large\"><a href=\"https:\/\/cptafalla.educacion.navarra.es\/web\/wp-content\/uploads\/2022\/02\/PHOTO-2022-01-29-10-19-21-1.jpg\"><img loading=\"lazy\" width=\"1024\" height=\"1024\" data-id=\"5697\"  src=\"https:\/\/cptafalla.educacion.navarra.es\/web\/wp-content\/uploads\/2022\/02\/PHOTO-2022-01-29-10-19-21-1-1024x1024.jpg\" alt=\"\" class=\"wp-image-5697\" srcset=\"https:\/\/cptafalla.educacion.navarra.es\/web\/wp-content\/uploads\/2022\/02\/PHOTO-2022-01-29-10-19-21-1-1024x1024.jpg 1024w, https:\/\/cptafalla.educacion.navarra.es\/web\/wp-content\/uploads\/2022\/02\/PHOTO-2022-01-29-10-19-21-1-300x300.jpg 300w, https:\/\/cptafalla.educacion.navarra.es\/web\/wp-content\/uploads\/2022\/02\/PHOTO-2022-01-29-10-19-21-1-150x150.jpg 150w, https:\/\/cptafalla.educacion.navarra.es\/web\/wp-content\/uploads\/2022\/02\/PHOTO-2022-01-29-10-19-21-1-768x768.jpg 768w, https:\/\/cptafalla.educacion.navarra.es\/web\/wp-content\/uploads\/2022\/02\/PHOTO-2022-01-29-10-19-21-1-1536x1536.jpg 1536w, https:\/\/cptafalla.educacion.navarra.es\/web\/wp-content\/uploads\/2022\/02\/PHOTO-2022-01-29-10-19-21-1.jpg 1600w\" sizes=\"(max-width: 1024px) 100vw, 1024px\" \/><\/a><\/figure>\n\n\n\n<figure class=\"wp-block-image size-large\"><a href=\"https:\/\/cptafalla.educacion.navarra.es\/web\/wp-content\/uploads\/2022\/02\/PHOTO-2022-01-29-10-19-21-2.jpg\"><img loading=\"lazy\" width=\"1024\" height=\"1024\" data-id=\"5698\"  src=\"https:\/\/cptafalla.educacion.navarra.es\/web\/wp-content\/uploads\/2022\/02\/PHOTO-2022-01-29-10-19-21-2-1024x1024.jpg\" alt=\"\" class=\"wp-image-5698\" srcset=\"https:\/\/cptafalla.educacion.navarra.es\/web\/wp-content\/uploads\/2022\/02\/PHOTO-2022-01-29-10-19-21-2-1024x1024.jpg 1024w, https:\/\/cptafalla.educacion.navarra.es\/web\/wp-content\/uploads\/2022\/02\/PHOTO-2022-01-29-10-19-21-2-300x300.jpg 300w, https:\/\/cptafalla.educacion.navarra.es\/web\/wp-content\/uploads\/2022\/02\/PHOTO-2022-01-29-10-19-21-2-150x150.jpg 150w, https:\/\/cptafalla.educacion.navarra.es\/web\/wp-content\/uploads\/2022\/02\/PHOTO-2022-01-29-10-19-21-2-768x768.jpg 768w, https:\/\/cptafalla.educacion.navarra.es\/web\/wp-content\/uploads\/2022\/02\/PHOTO-2022-01-29-10-19-21-2-1536x1536.jpg 1536w, https:\/\/cptafalla.educacion.navarra.es\/web\/wp-content\/uploads\/2022\/02\/PHOTO-2022-01-29-10-19-21-2.jpg 1600w\" sizes=\"(max-width: 1024px) 100vw, 1024px\" \/><\/a><\/figure>\n<\/figure>\n","protected":false},"excerpt":{"rendered":"<p>[CAS]El pasado viernes, 28 de enero, celebramos en Comarcales el D\u00eda de la Paz. Con el lema &#8220;Por un mundo mejor, Mundu hobe batengatik&#8221;, se han trabajado en las aulas, con anterioridad a esa fecha, aspectos relacionados con la construcci\u00f3n de una mejor convivencia. En el d\u00eda de dicha celebraci\u00f3n se escucharon por megafon\u00eda, como &hellip; <a href=\"https:\/\/cptafalla.educacion.navarra.es\/web\/2022\/02\/dia-de-la-pazbakearen-eguna-3\/\" class=\"more-link\">Seguir leyendo <span class=\"screen-reader-text\">D\u00cdA DE LA PAZ<br \/>BAKEAREN EGUNA<\/span> <span class=\"meta-nav\">&rarr;<\/span><\/a><\/p>\n","protected":false},"author":1,"featured_media":0,"comment_status":"closed","ping_status":"open","sticky":false,"template":"","format":"standard","meta":[],"categories":[1],"tags":[],"_links":{"self":[{"href":"https:\/\/cptafalla.educacion.navarra.es\/web\/wp-json\/wp\/v2\/posts\/5694"}],"collection":[{"href":"https:\/\/cptafalla.educacion.navarra.es\/web\/wp-json\/wp\/v2\/posts"}],"about":[{"href":"https:\/\/cptafalla.educacion.navarra.es\/web\/wp-json\/wp\/v2\/types\/post"}],"author":[{"embeddable":true,"href":"https:\/\/cptafalla.educacion.navarra.es\/web\/wp-json\/wp\/v2\/users\/1"}],"replies":[{"embeddable":true,"href":"https:\/\/cptafalla.educacion.navarra.es\/web\/wp-json\/wp\/v2\/comments?post=5694"}],"version-history":[{"count":2,"href":"https:\/\/cptafalla.educacion.navarra.es\/web\/wp-json\/wp\/v2\/posts\/5694\/revisions"}],"predecessor-version":[{"id":5705,"href":"https:\/\/cptafalla.educacion.navarra.es\/web\/wp-json\/wp\/v2\/posts\/5694\/revisions\/5705"}],"wp:attachment":[{"href":"https:\/\/cptafalla.educacion.navarra.es\/web\/wp-json\/wp\/v2\/media?parent=5694"}],"wp:term":[{"taxonomy":"category","embeddable":true,"href":"https:\/\/cptafalla.educacion.navarra.es\/web\/wp-json\/wp\/v2\/categories?post=5694"},{"taxonomy":"post_tag","embeddable":true,"href":"https:\/\/cptafalla.educacion.navarra.es\/web\/wp-json\/wp\/v2\/tags?post=5694"}],"curies":[{"name":"wp","href":"https:\/\/api.w.org\/{rel}","templated":true}]}}