{"id":5658,"date":"2022-01-19T19:32:36","date_gmt":"2022-01-19T18:32:36","guid":{"rendered":"https:\/\/cptafalla.educacion.navarra.es\/web\/?p=5658"},"modified":"2022-01-19T21:08:38","modified_gmt":"2022-01-19T20:08:38","slug":"tamborradadanborrada-4","status":"publish","type":"post","link":"https:\/\/cptafalla.educacion.navarra.es\/web\/2022\/01\/tamborradadanborrada-4\/","title":{"rendered":"TAMBORRADA<br>DANBORRADA"},"content":{"rendered":"\n<p>\u00a0<\/p>\n<p>[CAS]Como v\u00edspera de la festividad de San Sebasti\u00e1n, patr\u00f3n de Tafalla, hemos tenido nuestra particular y reducida Tamborrada en el Centro.<br \/>Alumnado de 5.\u00ba de Modelo D, bajo la direcci\u00f3n de Eder Equ\u00edsoain, ha interpretado varias piezas musicales con sus tambores, a la hora del recreo.<br \/>Con sus gorros, pa\u00f1uelos al cuello y dem\u00e1s indumentaria para la ocasi\u00f3n, el grupo ha ido pasando por los distintos espacios de nuestro patio, amenizando el rato al resto de ni\u00f1os y ni\u00f1as del Colegio.<\/p>\n<p>Queremos agradecer a la Asociaci\u00f3n de Txistularis de Tafalla por estar siempre acompa\u00f1\u00e1ndonos, de una u otra manera, en la celebraci\u00f3n de nuestra Tamborrada.<\/p>\n<p>Y, muy especialmente, tenemos que dar las GRACIAS a Aret, Candela, Gorka, Eder, Maider, Carlota, Aitziber, Irune, Irene y Erik por su disposici\u00f3n y actitud.<\/p>\n<p>\u00a1\u00a1Ha sido un agradable recreo!!<\/p>\n<p><br \/>[EUS]San Sebastian egunaren bezpera da gaur, Tafallako zaindaria, gure Danborrada berezi eta murriztua ospatu dugu.<br \/>D ereduko 5. mailako ikasleek, Eder Equ\u00edsoainen zuzendaritzapean, jolas-orduan hainbat musika-pieza interpretatu dituzte beren danborrekin.<br \/>Txanoak, zapiak lepoan eta janzkera bereziak soinean zituztela, taldea gure patioko hainbat gunetatik igaro da, ikastetxeko gainerako haurrak alaituz.<\/p>\n<p>Eskerrak eman nahi dizkiogu Tafallako Txistulari Elkarteari gure danborradaren ospakizunean beti, era batera edo bestera, gurekin egoteagatik.<\/p>\n<p>Eta, bereziki, ESKERRAK eman behar dizkiegu Aret, Candela, Gorka, Eder, Maider, Carlota, Aitziber, Irune, Irene eta Eriki, beren jarreragatik.<\/p>\n<p>Jolas ordu atsegina izan da!<\/p>\n<p>\u00a0<\/p>\n<p>\u00a0<\/p>\n\n\n\n<figure class=\"wp-block-gallery columns-3 is-cropped\"><ul class=\"blocks-gallery-grid\"><li class=\"blocks-gallery-item\"><figure><a href=\"https:\/\/cptafalla.educacion.navarra.es\/web\/wp-content\/uploads\/2022\/01\/342F428A-1F8E-4876-A00F-7E01E1248798.jpeg\"><img loading=\"lazy\" width=\"1024\" height=\"682\" src=\"https:\/\/cptafalla.educacion.navarra.es\/web\/wp-content\/uploads\/2022\/01\/342F428A-1F8E-4876-A00F-7E01E1248798-1024x682.jpeg\" alt=\"\" data-id=\"5659\" data-full-url=\"https:\/\/cptafalla.educacion.navarra.es\/web\/wp-content\/uploads\/2022\/01\/342F428A-1F8E-4876-A00F-7E01E1248798.jpeg\" data-link=\"https:\/\/cptafalla.educacion.navarra.es\/web\/?attachment_id=5659\" class=\"wp-image-5659\" srcset=\"https:\/\/cptafalla.educacion.navarra.es\/web\/wp-content\/uploads\/2022\/01\/342F428A-1F8E-4876-A00F-7E01E1248798-1024x682.jpeg 1024w, https:\/\/cptafalla.educacion.navarra.es\/web\/wp-content\/uploads\/2022\/01\/342F428A-1F8E-4876-A00F-7E01E1248798-300x200.jpeg 300w, https:\/\/cptafalla.educacion.navarra.es\/web\/wp-content\/uploads\/2022\/01\/342F428A-1F8E-4876-A00F-7E01E1248798-768x511.jpeg 768w, https:\/\/cptafalla.educacion.navarra.es\/web\/wp-content\/uploads\/2022\/01\/342F428A-1F8E-4876-A00F-7E01E1248798-1536x1022.jpeg 1536w, https:\/\/cptafalla.educacion.navarra.es\/web\/wp-content\/uploads\/2022\/01\/342F428A-1F8E-4876-A00F-7E01E1248798.jpeg 1600w\" sizes=\"(max-width: 1024px) 100vw, 1024px\" \/><\/a><\/figure><\/li><li class=\"blocks-gallery-item\"><figure><a href=\"https:\/\/cptafalla.educacion.navarra.es\/web\/wp-content\/uploads\/2022\/01\/67914FF4-CE3D-45CC-A9EE-C7318DAD398B.jpeg\"><img loading=\"lazy\" width=\"1024\" height=\"768\" src=\"https:\/\/cptafalla.educacion.navarra.es\/web\/wp-content\/uploads\/2022\/01\/67914FF4-CE3D-45CC-A9EE-C7318DAD398B-1024x768.jpeg\" alt=\"\" data-id=\"5660\" data-full-url=\"https:\/\/cptafalla.educacion.navarra.es\/web\/wp-content\/uploads\/2022\/01\/67914FF4-CE3D-45CC-A9EE-C7318DAD398B.jpeg\" data-link=\"https:\/\/cptafalla.educacion.navarra.es\/web\/?attachment_id=5660\" class=\"wp-image-5660\" srcset=\"https:\/\/cptafalla.educacion.navarra.es\/web\/wp-content\/uploads\/2022\/01\/67914FF4-CE3D-45CC-A9EE-C7318DAD398B-1024x768.jpeg 1024w, https:\/\/cptafalla.educacion.navarra.es\/web\/wp-content\/uploads\/2022\/01\/67914FF4-CE3D-45CC-A9EE-C7318DAD398B-300x225.jpeg 300w, https:\/\/cptafalla.educacion.navarra.es\/web\/wp-content\/uploads\/2022\/01\/67914FF4-CE3D-45CC-A9EE-C7318DAD398B-768x576.jpeg 768w, https:\/\/cptafalla.educacion.navarra.es\/web\/wp-content\/uploads\/2022\/01\/67914FF4-CE3D-45CC-A9EE-C7318DAD398B-1536x1152.jpeg 1536w, https:\/\/cptafalla.educacion.navarra.es\/web\/wp-content\/uploads\/2022\/01\/67914FF4-CE3D-45CC-A9EE-C7318DAD398B.jpeg 2000w\" sizes=\"(max-width: 1024px) 100vw, 1024px\" \/><\/a><\/figure><\/li><li class=\"blocks-gallery-item\"><figure><a href=\"https:\/\/cptafalla.educacion.navarra.es\/web\/wp-content\/uploads\/2022\/01\/0DE8AD15-59EB-4DC1-BA49-0B1B3B3970CF.jpeg\"><img loading=\"lazy\" width=\"1024\" height=\"768\" src=\"https:\/\/cptafalla.educacion.navarra.es\/web\/wp-content\/uploads\/2022\/01\/0DE8AD15-59EB-4DC1-BA49-0B1B3B3970CF-1024x768.jpeg\" alt=\"\" data-id=\"5661\" data-full-url=\"https:\/\/cptafalla.educacion.navarra.es\/web\/wp-content\/uploads\/2022\/01\/0DE8AD15-59EB-4DC1-BA49-0B1B3B3970CF.jpeg\" data-link=\"https:\/\/cptafalla.educacion.navarra.es\/web\/?attachment_id=5661\" class=\"wp-image-5661\" srcset=\"https:\/\/cptafalla.educacion.navarra.es\/web\/wp-content\/uploads\/2022\/01\/0DE8AD15-59EB-4DC1-BA49-0B1B3B3970CF-1024x768.jpeg 1024w, https:\/\/cptafalla.educacion.navarra.es\/web\/wp-content\/uploads\/2022\/01\/0DE8AD15-59EB-4DC1-BA49-0B1B3B3970CF-300x225.jpeg 300w, https:\/\/cptafalla.educacion.navarra.es\/web\/wp-content\/uploads\/2022\/01\/0DE8AD15-59EB-4DC1-BA49-0B1B3B3970CF-768x576.jpeg 768w, https:\/\/cptafalla.educacion.navarra.es\/web\/wp-content\/uploads\/2022\/01\/0DE8AD15-59EB-4DC1-BA49-0B1B3B3970CF-1536x1152.jpeg 1536w, https:\/\/cptafalla.educacion.navarra.es\/web\/wp-content\/uploads\/2022\/01\/0DE8AD15-59EB-4DC1-BA49-0B1B3B3970CF.jpeg 2000w\" sizes=\"(max-width: 1024px) 100vw, 1024px\" \/><\/a><\/figure><\/li><li class=\"blocks-gallery-item\"><figure><a href=\"https:\/\/cptafalla.educacion.navarra.es\/web\/wp-content\/uploads\/2022\/01\/48689113-73F4-4E37-940C-1A83963A1E0A.jpeg\"><img loading=\"lazy\" width=\"1024\" height=\"768\" src=\"https:\/\/cptafalla.educacion.navarra.es\/web\/wp-content\/uploads\/2022\/01\/48689113-73F4-4E37-940C-1A83963A1E0A-1024x768.jpeg\" alt=\"\" data-id=\"5662\" data-full-url=\"https:\/\/cptafalla.educacion.navarra.es\/web\/wp-content\/uploads\/2022\/01\/48689113-73F4-4E37-940C-1A83963A1E0A.jpeg\" data-link=\"https:\/\/cptafalla.educacion.navarra.es\/web\/?attachment_id=5662\" class=\"wp-image-5662\" srcset=\"https:\/\/cptafalla.educacion.navarra.es\/web\/wp-content\/uploads\/2022\/01\/48689113-73F4-4E37-940C-1A83963A1E0A-1024x768.jpeg 1024w, https:\/\/cptafalla.educacion.navarra.es\/web\/wp-content\/uploads\/2022\/01\/48689113-73F4-4E37-940C-1A83963A1E0A-300x225.jpeg 300w, https:\/\/cptafalla.educacion.navarra.es\/web\/wp-content\/uploads\/2022\/01\/48689113-73F4-4E37-940C-1A83963A1E0A-768x576.jpeg 768w, https:\/\/cptafalla.educacion.navarra.es\/web\/wp-content\/uploads\/2022\/01\/48689113-73F4-4E37-940C-1A83963A1E0A-1536x1152.jpeg 1536w, https:\/\/cptafalla.educacion.navarra.es\/web\/wp-content\/uploads\/2022\/01\/48689113-73F4-4E37-940C-1A83963A1E0A.jpeg 2000w\" sizes=\"(max-width: 1024px) 100vw, 1024px\" \/><\/a><\/figure><\/li><\/ul><\/figure>\n\n\n\n<figure class=\"wp-block-embed is-type-video is-provider-youtube wp-block-embed-youtube wp-embed-aspect-16-9 wp-has-aspect-ratio\"><div class=\"wp-block-embed__wrapper\">\n<iframe loading=\"lazy\" title=\"Danborrada\/Tamborrada\" width=\"474\" height=\"267\" src=\"https:\/\/www.youtube.com\/embed\/pjmzCItR4Us?feature=oembed\" frameborder=\"0\" allow=\"accelerometer; autoplay; clipboard-write; encrypted-media; gyroscope; picture-in-picture\" allowfullscreen><\/iframe>\n<\/div><\/figure>\n\n\n\n<figure class=\"wp-block-embed is-type-video is-provider-youtube wp-block-embed-youtube wp-embed-aspect-16-9 wp-has-aspect-ratio\"><div class=\"wp-block-embed__wrapper\">\n<iframe loading=\"lazy\" title=\"Tamborrada\/Danborrada 2022\" width=\"474\" height=\"267\" src=\"https:\/\/www.youtube.com\/embed\/wI7aZ3RW9rY?feature=oembed\" frameborder=\"0\" allow=\"accelerometer; autoplay; clipboard-write; encrypted-media; gyroscope; picture-in-picture\" allowfullscreen><\/iframe>\n<\/div><\/figure>\n","protected":false},"excerpt":{"rendered":"<p>\u00a0 [CAS]Como v\u00edspera de la festividad de San Sebasti\u00e1n, patr\u00f3n de Tafalla, hemos tenido nuestra particular y reducida Tamborrada en el Centro.Alumnado de 5.\u00ba de Modelo D, bajo la direcci\u00f3n de Eder Equ\u00edsoain, ha interpretado varias piezas musicales con sus tambores, a la hora del recreo.Con sus gorros, pa\u00f1uelos al cuello y dem\u00e1s indumentaria para &hellip; <a href=\"https:\/\/cptafalla.educacion.navarra.es\/web\/2022\/01\/tamborradadanborrada-4\/\" class=\"more-link\">Seguir leyendo <span class=\"screen-reader-text\">TAMBORRADA<br \/>DANBORRADA<\/span> <span class=\"meta-nav\">&rarr;<\/span><\/a><\/p>\n","protected":false},"author":1,"featured_media":0,"comment_status":"closed","ping_status":"open","sticky":false,"template":"","format":"standard","meta":[],"categories":[1],"tags":[],"_links":{"self":[{"href":"https:\/\/cptafalla.educacion.navarra.es\/web\/wp-json\/wp\/v2\/posts\/5658"}],"collection":[{"href":"https:\/\/cptafalla.educacion.navarra.es\/web\/wp-json\/wp\/v2\/posts"}],"about":[{"href":"https:\/\/cptafalla.educacion.navarra.es\/web\/wp-json\/wp\/v2\/types\/post"}],"author":[{"embeddable":true,"href":"https:\/\/cptafalla.educacion.navarra.es\/web\/wp-json\/wp\/v2\/users\/1"}],"replies":[{"embeddable":true,"href":"https:\/\/cptafalla.educacion.navarra.es\/web\/wp-json\/wp\/v2\/comments?post=5658"}],"version-history":[{"count":3,"href":"https:\/\/cptafalla.educacion.navarra.es\/web\/wp-json\/wp\/v2\/posts\/5658\/revisions"}],"predecessor-version":[{"id":5667,"href":"https:\/\/cptafalla.educacion.navarra.es\/web\/wp-json\/wp\/v2\/posts\/5658\/revisions\/5667"}],"wp:attachment":[{"href":"https:\/\/cptafalla.educacion.navarra.es\/web\/wp-json\/wp\/v2\/media?parent=5658"}],"wp:term":[{"taxonomy":"category","embeddable":true,"href":"https:\/\/cptafalla.educacion.navarra.es\/web\/wp-json\/wp\/v2\/categories?post=5658"},{"taxonomy":"post_tag","embeddable":true,"href":"https:\/\/cptafalla.educacion.navarra.es\/web\/wp-json\/wp\/v2\/tags?post=5658"}],"curies":[{"name":"wp","href":"https:\/\/api.w.org\/{rel}","templated":true}]}}