{"id":5620,"date":"2021-12-21T11:00:23","date_gmt":"2021-12-21T10:00:23","guid":{"rendered":"https:\/\/cptafalla.educacion.navarra.es\/web\/?p=5620"},"modified":"2021-12-21T11:00:24","modified_gmt":"2021-12-21T10:00:24","slug":"berrerabizi","status":"publish","type":"post","link":"https:\/\/cptafalla.educacion.navarra.es\/web\/2021\/12\/berrerabizi\/","title":{"rendered":"BERRERABIZI"},"content":{"rendered":"\n<div class=\"kvgmc6g5 cxmmr5t8 oygrvhab hcukyx3x c1et5uql ii04i59q\">\n<div dir=\"auto\">[EUS]Asteartean, abenduak 14, Berrerabizi taldearen antzerkiaz gozatzeko aukera izan genuen. Zelako artistak diren! Bertan birtziklatzearen garrantziaren inguruan hitz egin ziguten, zakarra non bota ikasi genuen eta artez beteriko antzezlana izan zen. Izugarri disfrutatu genuen!<\/div>\n<div dir=\"auto\">\u00a0<\/div>\n<\/div>\n<div class=\"cxmmr5t8 oygrvhab hcukyx3x c1et5uql o9v6fnle ii04i59q\">\n<div dir=\"auto\">[CAS]El martes, 14 de diciembre, tuvimos la suerte de presenciar el teatro del grupo Berrerabizi. \u00a1Qu\u00e9 artistas son! All\u00ed nos hablaron de la importancia de reciclar. Aprendimos d\u00f3nde tirar cada cosa y fue una obra de teatro llena de arte. \u00a1Lo disfrutamos much\u00edsimo!<\/div>\n<\/div>\n\n\n\n<figure class=\"wp-block-gallery columns-3 is-cropped\"><ul class=\"blocks-gallery-grid\"><li class=\"blocks-gallery-item\"><figure><a href=\"https:\/\/cptafalla.educacion.navarra.es\/web\/wp-content\/uploads\/2021\/12\/IMG-0164.jpg\"><img loading=\"lazy\" width=\"939\" height=\"489\" src=\"https:\/\/cptafalla.educacion.navarra.es\/web\/wp-content\/uploads\/2021\/12\/IMG-0164.jpg\" alt=\"\" data-id=\"5621\" data-full-url=\"https:\/\/cptafalla.educacion.navarra.es\/web\/wp-content\/uploads\/2021\/12\/IMG-0164.jpg\" data-link=\"https:\/\/cptafalla.educacion.navarra.es\/web\/?attachment_id=5621\" class=\"wp-image-5621\" srcset=\"https:\/\/cptafalla.educacion.navarra.es\/web\/wp-content\/uploads\/2021\/12\/IMG-0164.jpg 939w, https:\/\/cptafalla.educacion.navarra.es\/web\/wp-content\/uploads\/2021\/12\/IMG-0164-300x156.jpg 300w, https:\/\/cptafalla.educacion.navarra.es\/web\/wp-content\/uploads\/2021\/12\/IMG-0164-768x400.jpg 768w\" sizes=\"(max-width: 939px) 100vw, 939px\" \/><\/a><\/figure><\/li><li class=\"blocks-gallery-item\"><figure><a href=\"https:\/\/cptafalla.educacion.navarra.es\/web\/wp-content\/uploads\/2021\/12\/IMG-0165.jpg\"><img loading=\"lazy\" width=\"635\" height=\"590\" src=\"https:\/\/cptafalla.educacion.navarra.es\/web\/wp-content\/uploads\/2021\/12\/IMG-0165.jpg\" alt=\"\" data-id=\"5622\" data-full-url=\"https:\/\/cptafalla.educacion.navarra.es\/web\/wp-content\/uploads\/2021\/12\/IMG-0165.jpg\" data-link=\"https:\/\/cptafalla.educacion.navarra.es\/web\/?attachment_id=5622\" class=\"wp-image-5622\" srcset=\"https:\/\/cptafalla.educacion.navarra.es\/web\/wp-content\/uploads\/2021\/12\/IMG-0165.jpg 635w, https:\/\/cptafalla.educacion.navarra.es\/web\/wp-content\/uploads\/2021\/12\/IMG-0165-300x279.jpg 300w\" sizes=\"(max-width: 635px) 100vw, 635px\" \/><\/a><\/figure><\/li><li class=\"blocks-gallery-item\"><figure><a href=\"https:\/\/cptafalla.educacion.navarra.es\/web\/wp-content\/uploads\/2021\/12\/IMG-0166.jpg\"><img loading=\"lazy\" width=\"632\" height=\"603\" src=\"https:\/\/cptafalla.educacion.navarra.es\/web\/wp-content\/uploads\/2021\/12\/IMG-0166.jpg\" alt=\"\" data-id=\"5623\" data-full-url=\"https:\/\/cptafalla.educacion.navarra.es\/web\/wp-content\/uploads\/2021\/12\/IMG-0166.jpg\" data-link=\"https:\/\/cptafalla.educacion.navarra.es\/web\/?attachment_id=5623\" class=\"wp-image-5623\" srcset=\"https:\/\/cptafalla.educacion.navarra.es\/web\/wp-content\/uploads\/2021\/12\/IMG-0166.jpg 632w, https:\/\/cptafalla.educacion.navarra.es\/web\/wp-content\/uploads\/2021\/12\/IMG-0166-300x286.jpg 300w\" sizes=\"(max-width: 632px) 100vw, 632px\" \/><\/a><\/figure><\/li><li class=\"blocks-gallery-item\"><figure><a href=\"https:\/\/cptafalla.educacion.navarra.es\/web\/wp-content\/uploads\/2021\/12\/IMG-0167.jpg\"><img loading=\"lazy\" width=\"636\" height=\"583\" src=\"https:\/\/cptafalla.educacion.navarra.es\/web\/wp-content\/uploads\/2021\/12\/IMG-0167.jpg\" alt=\"\" data-id=\"5624\" data-full-url=\"https:\/\/cptafalla.educacion.navarra.es\/web\/wp-content\/uploads\/2021\/12\/IMG-0167.jpg\" data-link=\"https:\/\/cptafalla.educacion.navarra.es\/web\/?attachment_id=5624\" class=\"wp-image-5624\" srcset=\"https:\/\/cptafalla.educacion.navarra.es\/web\/wp-content\/uploads\/2021\/12\/IMG-0167.jpg 636w, https:\/\/cptafalla.educacion.navarra.es\/web\/wp-content\/uploads\/2021\/12\/IMG-0167-300x275.jpg 300w\" sizes=\"(max-width: 636px) 100vw, 636px\" \/><\/a><\/figure><\/li><\/ul><\/figure>\n","protected":false},"excerpt":{"rendered":"<p>[EUS]Asteartean, abenduak 14, Berrerabizi taldearen antzerkiaz gozatzeko aukera izan genuen. Zelako artistak diren! Bertan birtziklatzearen garrantziaren inguruan hitz egin ziguten, zakarra non bota ikasi genuen eta artez beteriko antzezlana izan zen. Izugarri disfrutatu genuen! \u00a0 [CAS]El martes, 14 de diciembre, tuvimos la suerte de presenciar el teatro del grupo Berrerabizi. \u00a1Qu\u00e9 artistas son! All\u00ed nos &hellip; <a href=\"https:\/\/cptafalla.educacion.navarra.es\/web\/2021\/12\/berrerabizi\/\" class=\"more-link\">Seguir leyendo <span class=\"screen-reader-text\">BERRERABIZI<\/span> <span class=\"meta-nav\">&rarr;<\/span><\/a><\/p>\n","protected":false},"author":1,"featured_media":0,"comment_status":"closed","ping_status":"open","sticky":false,"template":"","format":"standard","meta":[],"categories":[1],"tags":[],"_links":{"self":[{"href":"https:\/\/cptafalla.educacion.navarra.es\/web\/wp-json\/wp\/v2\/posts\/5620"}],"collection":[{"href":"https:\/\/cptafalla.educacion.navarra.es\/web\/wp-json\/wp\/v2\/posts"}],"about":[{"href":"https:\/\/cptafalla.educacion.navarra.es\/web\/wp-json\/wp\/v2\/types\/post"}],"author":[{"embeddable":true,"href":"https:\/\/cptafalla.educacion.navarra.es\/web\/wp-json\/wp\/v2\/users\/1"}],"replies":[{"embeddable":true,"href":"https:\/\/cptafalla.educacion.navarra.es\/web\/wp-json\/wp\/v2\/comments?post=5620"}],"version-history":[{"count":1,"href":"https:\/\/cptafalla.educacion.navarra.es\/web\/wp-json\/wp\/v2\/posts\/5620\/revisions"}],"predecessor-version":[{"id":5625,"href":"https:\/\/cptafalla.educacion.navarra.es\/web\/wp-json\/wp\/v2\/posts\/5620\/revisions\/5625"}],"wp:attachment":[{"href":"https:\/\/cptafalla.educacion.navarra.es\/web\/wp-json\/wp\/v2\/media?parent=5620"}],"wp:term":[{"taxonomy":"category","embeddable":true,"href":"https:\/\/cptafalla.educacion.navarra.es\/web\/wp-json\/wp\/v2\/categories?post=5620"},{"taxonomy":"post_tag","embeddable":true,"href":"https:\/\/cptafalla.educacion.navarra.es\/web\/wp-json\/wp\/v2\/tags?post=5620"}],"curies":[{"name":"wp","href":"https:\/\/api.w.org\/{rel}","templated":true}]}}