{"id":5614,"date":"2021-12-20T10:47:21","date_gmt":"2021-12-20T09:47:21","guid":{"rendered":"https:\/\/cptafalla.educacion.navarra.es\/web\/?p=5614"},"modified":"2021-12-20T10:47:22","modified_gmt":"2021-12-20T09:47:22","slug":"bomberosuhiltzalea","status":"publish","type":"post","link":"https:\/\/cptafalla.educacion.navarra.es\/web\/2021\/12\/bomberosuhiltzalea\/","title":{"rendered":"BOMBERO<BR>SUHILTZALEA"},"content":{"rendered":"\n<div class=\"kvgmc6g5 cxmmr5t8 oygrvhab hcukyx3x c1et5uql ii04i59q\">\n<div dir=\"auto\">[CAS]La semana pasada el alumnado de 2.\u00ba E.Primaria de Modelos A\/G recibimos la visita de un Bombero, el cual nos explic\u00f3 su labor ayudando a las personas en lugares como Nepal, Hait\u00ed o, m\u00e1s recientemente, La Palma.<\/div>\n<div dir=\"auto\">Adem\u00e1s, nos trajo ceniza y rocas volc\u00e1nicas que nos impresionaron mucho.<\/div>\n<div dir=\"auto\">Gracias a personas como \u00e9l, el mundo es cada d\u00eda un lugar mejor.<\/div>\n<div dir=\"auto\">\u00a0<\/div>\n<\/div>\n<div class=\"cxmmr5t8 oygrvhab hcukyx3x c1et5uql o9v6fnle ii04i59q\">\n<div dir=\"auto\">[ENG]Last week Year 2 students were visited by a fireman, who explained us his job helping others in places like Nepal, Haiti or La Palma island. Moreover, he showed us some volcanic ash and some volcanic rocks which we liked a lot. Thanks to people like him, the world is day by day a better place to live in.<\/div>\n<div dir=\"auto\">\u00a0<\/div>\n<\/div>\n<div class=\"cxmmr5t8 oygrvhab hcukyx3x c1et5uql o9v6fnle ii04i59q\">\n<div dir=\"auto\">[EUS]Joan den astean, A\/G eredukoetako Lehen Hezkuntzako 2. mailako ikasleok suhiltzaile baten bisita izan genuen. Suhiltzaileak Nepal, Haiti edo, duela gutxi, La Palma bezalako lekuetan pertsonei laguntzen egindako lana azaldu zigun.<\/div>\n<div dir=\"auto\">Gainera, errautsa eta harri bolkanikoak ekarri zizkigun, zirrara handia eragin zigutenak.<\/div>\n<div dir=\"auto\">Bera bezalakoei esker, mundua egunetik egunera leku hobea da.<\/div>\n<\/div>\n\n\n\n<figure class=\"wp-block-gallery columns-3 is-cropped\"><ul class=\"blocks-gallery-grid\"><li class=\"blocks-gallery-item\"><figure><a href=\"https:\/\/cptafalla.educacion.navarra.es\/web\/wp-content\/uploads\/2021\/12\/01-scaled.jpg\"><img loading=\"lazy\" width=\"1024\" height=\"576\" src=\"https:\/\/cptafalla.educacion.navarra.es\/web\/wp-content\/uploads\/2021\/12\/01-1024x576.jpg\" alt=\"\" data-id=\"5615\" data-full-url=\"https:\/\/cptafalla.educacion.navarra.es\/web\/wp-content\/uploads\/2021\/12\/01-scaled.jpg\" data-link=\"https:\/\/cptafalla.educacion.navarra.es\/web\/?attachment_id=5615\" class=\"wp-image-5615\" srcset=\"https:\/\/cptafalla.educacion.navarra.es\/web\/wp-content\/uploads\/2021\/12\/01-1024x576.jpg 1024w, https:\/\/cptafalla.educacion.navarra.es\/web\/wp-content\/uploads\/2021\/12\/01-300x169.jpg 300w, https:\/\/cptafalla.educacion.navarra.es\/web\/wp-content\/uploads\/2021\/12\/01-768x432.jpg 768w, https:\/\/cptafalla.educacion.navarra.es\/web\/wp-content\/uploads\/2021\/12\/01-1536x864.jpg 1536w, https:\/\/cptafalla.educacion.navarra.es\/web\/wp-content\/uploads\/2021\/12\/01-2048x1152.jpg 2048w\" sizes=\"(max-width: 1024px) 100vw, 1024px\" \/><\/a><\/figure><\/li><li class=\"blocks-gallery-item\"><figure><a href=\"https:\/\/cptafalla.educacion.navarra.es\/web\/wp-content\/uploads\/2021\/12\/02-scaled.jpg\"><img loading=\"lazy\" width=\"1024\" height=\"576\" src=\"https:\/\/cptafalla.educacion.navarra.es\/web\/wp-content\/uploads\/2021\/12\/02-1024x576.jpg\" alt=\"\" data-id=\"5616\" data-full-url=\"https:\/\/cptafalla.educacion.navarra.es\/web\/wp-content\/uploads\/2021\/12\/02-scaled.jpg\" data-link=\"https:\/\/cptafalla.educacion.navarra.es\/web\/?attachment_id=5616\" class=\"wp-image-5616\" srcset=\"https:\/\/cptafalla.educacion.navarra.es\/web\/wp-content\/uploads\/2021\/12\/02-1024x576.jpg 1024w, https:\/\/cptafalla.educacion.navarra.es\/web\/wp-content\/uploads\/2021\/12\/02-300x169.jpg 300w, https:\/\/cptafalla.educacion.navarra.es\/web\/wp-content\/uploads\/2021\/12\/02-768x432.jpg 768w, https:\/\/cptafalla.educacion.navarra.es\/web\/wp-content\/uploads\/2021\/12\/02-1536x864.jpg 1536w, https:\/\/cptafalla.educacion.navarra.es\/web\/wp-content\/uploads\/2021\/12\/02-2048x1152.jpg 2048w\" sizes=\"(max-width: 1024px) 100vw, 1024px\" \/><\/a><\/figure><\/li><li class=\"blocks-gallery-item\"><figure><a href=\"https:\/\/cptafalla.educacion.navarra.es\/web\/wp-content\/uploads\/2021\/12\/04-scaled.jpg\"><img loading=\"lazy\" width=\"1024\" height=\"576\" src=\"https:\/\/cptafalla.educacion.navarra.es\/web\/wp-content\/uploads\/2021\/12\/04-1024x576.jpg\" alt=\"\" data-id=\"5617\" data-full-url=\"https:\/\/cptafalla.educacion.navarra.es\/web\/wp-content\/uploads\/2021\/12\/04-scaled.jpg\" data-link=\"https:\/\/cptafalla.educacion.navarra.es\/web\/?attachment_id=5617\" class=\"wp-image-5617\" srcset=\"https:\/\/cptafalla.educacion.navarra.es\/web\/wp-content\/uploads\/2021\/12\/04-1024x576.jpg 1024w, https:\/\/cptafalla.educacion.navarra.es\/web\/wp-content\/uploads\/2021\/12\/04-300x169.jpg 300w, https:\/\/cptafalla.educacion.navarra.es\/web\/wp-content\/uploads\/2021\/12\/04-768x432.jpg 768w, https:\/\/cptafalla.educacion.navarra.es\/web\/wp-content\/uploads\/2021\/12\/04-1536x864.jpg 1536w, https:\/\/cptafalla.educacion.navarra.es\/web\/wp-content\/uploads\/2021\/12\/04-2048x1152.jpg 2048w\" sizes=\"(max-width: 1024px) 100vw, 1024px\" \/><\/a><\/figure><\/li><li class=\"blocks-gallery-item\"><figure><a href=\"https:\/\/cptafalla.educacion.navarra.es\/web\/wp-content\/uploads\/2021\/12\/05.jpg\"><img loading=\"lazy\" width=\"1024\" height=\"765\" src=\"https:\/\/cptafalla.educacion.navarra.es\/web\/wp-content\/uploads\/2021\/12\/05-1024x765.jpg\" alt=\"\" data-id=\"5618\" data-full-url=\"https:\/\/cptafalla.educacion.navarra.es\/web\/wp-content\/uploads\/2021\/12\/05.jpg\" data-link=\"https:\/\/cptafalla.educacion.navarra.es\/web\/?attachment_id=5618\" class=\"wp-image-5618\" srcset=\"https:\/\/cptafalla.educacion.navarra.es\/web\/wp-content\/uploads\/2021\/12\/05-1024x765.jpg 1024w, https:\/\/cptafalla.educacion.navarra.es\/web\/wp-content\/uploads\/2021\/12\/05-300x224.jpg 300w, https:\/\/cptafalla.educacion.navarra.es\/web\/wp-content\/uploads\/2021\/12\/05-768x574.jpg 768w, https:\/\/cptafalla.educacion.navarra.es\/web\/wp-content\/uploads\/2021\/12\/05-1536x1148.jpg 1536w, https:\/\/cptafalla.educacion.navarra.es\/web\/wp-content\/uploads\/2021\/12\/05.jpg 1600w\" sizes=\"(max-width: 1024px) 100vw, 1024px\" \/><\/a><\/figure><\/li><\/ul><\/figure>\n","protected":false},"excerpt":{"rendered":"<p>[CAS]La semana pasada el alumnado de 2.\u00ba E.Primaria de Modelos A\/G recibimos la visita de un Bombero, el cual nos explic\u00f3 su labor ayudando a las personas en lugares como Nepal, Hait\u00ed o, m\u00e1s recientemente, La Palma. Adem\u00e1s, nos trajo ceniza y rocas volc\u00e1nicas que nos impresionaron mucho. Gracias a personas como \u00e9l, el mundo &hellip; <a href=\"https:\/\/cptafalla.educacion.navarra.es\/web\/2021\/12\/bomberosuhiltzalea\/\" class=\"more-link\">Seguir leyendo <span class=\"screen-reader-text\">BOMBERO<BR>SUHILTZALEA<\/span> <span class=\"meta-nav\">&rarr;<\/span><\/a><\/p>\n","protected":false},"author":1,"featured_media":0,"comment_status":"closed","ping_status":"open","sticky":false,"template":"","format":"standard","meta":[],"categories":[1],"tags":[],"_links":{"self":[{"href":"https:\/\/cptafalla.educacion.navarra.es\/web\/wp-json\/wp\/v2\/posts\/5614"}],"collection":[{"href":"https:\/\/cptafalla.educacion.navarra.es\/web\/wp-json\/wp\/v2\/posts"}],"about":[{"href":"https:\/\/cptafalla.educacion.navarra.es\/web\/wp-json\/wp\/v2\/types\/post"}],"author":[{"embeddable":true,"href":"https:\/\/cptafalla.educacion.navarra.es\/web\/wp-json\/wp\/v2\/users\/1"}],"replies":[{"embeddable":true,"href":"https:\/\/cptafalla.educacion.navarra.es\/web\/wp-json\/wp\/v2\/comments?post=5614"}],"version-history":[{"count":1,"href":"https:\/\/cptafalla.educacion.navarra.es\/web\/wp-json\/wp\/v2\/posts\/5614\/revisions"}],"predecessor-version":[{"id":5619,"href":"https:\/\/cptafalla.educacion.navarra.es\/web\/wp-json\/wp\/v2\/posts\/5614\/revisions\/5619"}],"wp:attachment":[{"href":"https:\/\/cptafalla.educacion.navarra.es\/web\/wp-json\/wp\/v2\/media?parent=5614"}],"wp:term":[{"taxonomy":"category","embeddable":true,"href":"https:\/\/cptafalla.educacion.navarra.es\/web\/wp-json\/wp\/v2\/categories?post=5614"},{"taxonomy":"post_tag","embeddable":true,"href":"https:\/\/cptafalla.educacion.navarra.es\/web\/wp-json\/wp\/v2\/tags?post=5614"}],"curies":[{"name":"wp","href":"https:\/\/api.w.org\/{rel}","templated":true}]}}