{"id":5348,"date":"2021-07-01T10:59:24","date_gmt":"2021-07-01T08:59:24","guid":{"rendered":"https:\/\/cptafalla.educacion.navarra.es\/web\/?p=5348"},"modified":"2021-07-01T11:22:20","modified_gmt":"2021-07-01T09:22:20","slug":"materiales-curso-2021-20222021-2022-ikasturteko-materialak","status":"publish","type":"post","link":"https:\/\/cptafalla.educacion.navarra.es\/web\/2021\/07\/materiales-curso-2021-20222021-2022-ikasturteko-materialak\/","title":{"rendered":"MATERIALES Y LIBROS CURSO 2021-2022<BR>2021-2022 IKASTURTEKO MATERIALAK ETA LIBURUAK"},"content":{"rendered":"\n<p>A continuaci\u00f3n ten\u00e9is los pdf con la relaci\u00f3n de libros y materiales para este curso 2021-2022.<\/p>\n<p>NO HAY QUE COMPRAR material para Educaci\u00f3n Infantil; se gestionar\u00e1 desde el centro con el dinero que se solicite a las familias.<\/p>\n<p>TAMPOCO HAY QUE COMPRAR AGENDA en Educaci\u00f3n Primaria. El Colegio se encarga de todo para poder disponer de una Agenda unificada para el alumnado de Educaci\u00f3n Primaria y personalizada para el Centro.<\/p>\n<p>Material Modelos A\/G<\/p>\n\n\n<a href=\"https:\/\/cptafalla.educacion.navarra.es\/web\/wp-content\/uploads\/2021\/07\/LIBROS-Y-MATERIALES-A-G.pdf\" class=\"pdfemb-viewer\" style=\"\" data-width=\"max\" data-height=\"max\" data-toolbar=\"bottom\" data-toolbar-fixed=\"off\">LIBROS-Y-MATERIALES-A-G<\/a>\n<p class=\"wp-block-pdfemb-pdf-embedder-viewer\"><\/p>\n\n\n\n<p><a href=\"https:\/\/cptafalla.educacion.navarra.es\/web\/wp-content\/uploads\/2021\/07\/LIBROS-Y-MATERIALES-A-G.pdf\">Descargar documento<\/a><\/p>\n\n\n\n<p>D ereduko materialak<\/p>\n\n\n<a href=\"https:\/\/cptafalla.educacion.navarra.es\/web\/wp-content\/uploads\/2021\/07\/MATERIALA-21-22-D-EREDUA.pdf\" class=\"pdfemb-viewer\" style=\"\" data-width=\"max\" data-height=\"max\" data-toolbar=\"bottom\" data-toolbar-fixed=\"off\">MATERIALA-21-22-D-EREDUA<\/a>\n<p class=\"wp-block-pdfemb-pdf-embedder-viewer\"><\/p>\n\n\n\n<p><a href=\"https:\/\/cptafalla.educacion.navarra.es\/web\/wp-content\/uploads\/2021\/07\/MATERIALA-21-22-D-EREDUA.pdf\">Dokumentua deskargatu<\/a><\/p>\n","protected":false},"excerpt":{"rendered":"<p>A continuaci\u00f3n ten\u00e9is los pdf con la relaci\u00f3n de libros y materiales para este curso 2021-2022. NO HAY QUE COMPRAR material para Educaci\u00f3n Infantil; se gestionar\u00e1 desde el centro con el dinero que se solicite a las familias. TAMPOCO HAY QUE COMPRAR AGENDA en Educaci\u00f3n Primaria. El Colegio se encarga de todo para poder disponer &hellip; <a href=\"https:\/\/cptafalla.educacion.navarra.es\/web\/2021\/07\/materiales-curso-2021-20222021-2022-ikasturteko-materialak\/\" class=\"more-link\">Seguir leyendo <span class=\"screen-reader-text\">MATERIALES Y LIBROS CURSO 2021-2022<BR>2021-2022 IKASTURTEKO MATERIALAK ETA LIBURUAK<\/span> <span class=\"meta-nav\">&rarr;<\/span><\/a><\/p>\n","protected":false},"author":1,"featured_media":0,"comment_status":"closed","ping_status":"open","sticky":false,"template":"","format":"standard","meta":[],"categories":[1],"tags":[],"_links":{"self":[{"href":"https:\/\/cptafalla.educacion.navarra.es\/web\/wp-json\/wp\/v2\/posts\/5348"}],"collection":[{"href":"https:\/\/cptafalla.educacion.navarra.es\/web\/wp-json\/wp\/v2\/posts"}],"about":[{"href":"https:\/\/cptafalla.educacion.navarra.es\/web\/wp-json\/wp\/v2\/types\/post"}],"author":[{"embeddable":true,"href":"https:\/\/cptafalla.educacion.navarra.es\/web\/wp-json\/wp\/v2\/users\/1"}],"replies":[{"embeddable":true,"href":"https:\/\/cptafalla.educacion.navarra.es\/web\/wp-json\/wp\/v2\/comments?post=5348"}],"version-history":[{"count":4,"href":"https:\/\/cptafalla.educacion.navarra.es\/web\/wp-json\/wp\/v2\/posts\/5348\/revisions"}],"predecessor-version":[{"id":5353,"href":"https:\/\/cptafalla.educacion.navarra.es\/web\/wp-json\/wp\/v2\/posts\/5348\/revisions\/5353"}],"wp:attachment":[{"href":"https:\/\/cptafalla.educacion.navarra.es\/web\/wp-json\/wp\/v2\/media?parent=5348"}],"wp:term":[{"taxonomy":"category","embeddable":true,"href":"https:\/\/cptafalla.educacion.navarra.es\/web\/wp-json\/wp\/v2\/categories?post=5348"},{"taxonomy":"post_tag","embeddable":true,"href":"https:\/\/cptafalla.educacion.navarra.es\/web\/wp-json\/wp\/v2\/tags?post=5348"}],"curies":[{"name":"wp","href":"https:\/\/api.w.org\/{rel}","templated":true}]}}