{"id":5278,"date":"2021-06-14T13:42:47","date_gmt":"2021-06-14T11:42:47","guid":{"rendered":"https:\/\/cptafalla.educacion.navarra.es\/web\/?p=5278"},"modified":"2021-06-14T13:42:48","modified_gmt":"2021-06-14T11:42:48","slug":"mendukilo-2","status":"publish","type":"post","link":"https:\/\/cptafalla.educacion.navarra.es\/web\/2021\/06\/mendukilo-2\/","title":{"rendered":"MENDUKILO"},"content":{"rendered":"\n<p><span style=\"font-family: Arial, sans-serif;\"><span style=\"font-size: medium;\">[EUS]D ereduko Lehen Hezkuntzako ikasleak Astizera joan ginen Mendukilo kobazuloa ezagutzera. Iritsi bezain pronto, kobazulotik gertu, hamarretakoa jan genuen eta piska bat jolastu ostean inguruko maketa bat ikusi genuen oso azalpen eta ipuin interesgarriekin batera. Ondoren Mendukilo kobazuloa ezagutu genuen. Benetan kobazulo ederra eta harrigarria! Jarduera bukatu eta gero Baraibarrera joan ginen bazkaltzera eta bertako frontoian eta parke batean jolastu genuen.<\/span><\/span><\/p>\n<p><span style=\"color: #222222;\"><span style=\"font-family: Arial, sans-serif;\"><span style=\"font-size: medium;\">[CAS]El alumnado de Primaria de Modelo D fuimos a Astiz a conocer la cueva Mendukilo. Al poco de llegar, almorzamos cerca de la cueva y despu\u00e9s de jugar un poco vimos una maqueta del entorno, al mismo tiempo que nos dieron unas explicaciones muy interesantes adem\u00e1s de contarnos alg\u00fan cuento. A continuaci\u00f3n conocimos la cueva. \u00a1Una cueva impresionante!\u00a0<\/span><\/span><\/span><span style=\"color: #222222;\"><span style=\"font-family: Arial, sans-serif;\"><span style=\"font-size: medium;\">Despu\u00e9s de la actividad fuimos al front\u00f3n de Baraibar a comer y jugamos, tanto en el front\u00f3n como en un parque que hab\u00eda al lado.<\/span><\/span><\/span><\/p>\n\n\n\n<figure class=\"wp-block-gallery columns-3 is-cropped\"><ul class=\"blocks-gallery-grid\"><li class=\"blocks-gallery-item\"><figure><a href=\"https:\/\/cptafalla.educacion.navarra.es\/web\/wp-content\/uploads\/2021\/06\/20210610_102918-scaled.jpg\"><img loading=\"lazy\" width=\"1024\" height=\"768\" src=\"https:\/\/cptafalla.educacion.navarra.es\/web\/wp-content\/uploads\/2021\/06\/20210610_102918-1024x768.jpg\" alt=\"\" data-id=\"5279\" data-full-url=\"https:\/\/cptafalla.educacion.navarra.es\/web\/wp-content\/uploads\/2021\/06\/20210610_102918-scaled.jpg\" data-link=\"https:\/\/cptafalla.educacion.navarra.es\/web\/?attachment_id=5279\" class=\"wp-image-5279\"\/><\/a><\/figure><\/li><li class=\"blocks-gallery-item\"><figure><a href=\"https:\/\/cptafalla.educacion.navarra.es\/web\/wp-content\/uploads\/2021\/06\/20210610_102932-scaled.jpg\"><img loading=\"lazy\" width=\"1024\" height=\"768\" src=\"https:\/\/cptafalla.educacion.navarra.es\/web\/wp-content\/uploads\/2021\/06\/20210610_102932-1024x768.jpg\" alt=\"\" data-id=\"5280\" data-full-url=\"https:\/\/cptafalla.educacion.navarra.es\/web\/wp-content\/uploads\/2021\/06\/20210610_102932-scaled.jpg\" data-link=\"https:\/\/cptafalla.educacion.navarra.es\/web\/?attachment_id=5280\" class=\"wp-image-5280\"\/><\/a><\/figure><\/li><li class=\"blocks-gallery-item\"><figure><a href=\"https:\/\/cptafalla.educacion.navarra.es\/web\/wp-content\/uploads\/2021\/06\/20210610_113517-scaled.jpg\"><img loading=\"lazy\" width=\"1024\" height=\"768\" src=\"https:\/\/cptafalla.educacion.navarra.es\/web\/wp-content\/uploads\/2021\/06\/20210610_113517-1024x768.jpg\" alt=\"\" data-id=\"5281\" data-full-url=\"https:\/\/cptafalla.educacion.navarra.es\/web\/wp-content\/uploads\/2021\/06\/20210610_113517-scaled.jpg\" data-link=\"https:\/\/cptafalla.educacion.navarra.es\/web\/?attachment_id=5281\" class=\"wp-image-5281\"\/><\/a><\/figure><\/li><li class=\"blocks-gallery-item\"><figure><a href=\"https:\/\/cptafalla.educacion.navarra.es\/web\/wp-content\/uploads\/2021\/06\/20210610_120322-scaled.jpg\"><img loading=\"lazy\" width=\"768\" height=\"1024\" src=\"https:\/\/cptafalla.educacion.navarra.es\/web\/wp-content\/uploads\/2021\/06\/20210610_120322-768x1024.jpg\" alt=\"\" data-id=\"5282\" data-full-url=\"https:\/\/cptafalla.educacion.navarra.es\/web\/wp-content\/uploads\/2021\/06\/20210610_120322-scaled.jpg\" data-link=\"https:\/\/cptafalla.educacion.navarra.es\/web\/?attachment_id=5282\" class=\"wp-image-5282\"\/><\/a><\/figure><\/li><li class=\"blocks-gallery-item\"><figure><a href=\"https:\/\/cptafalla.educacion.navarra.es\/web\/wp-content\/uploads\/2021\/06\/20210610_121715-scaled.jpg\"><img loading=\"lazy\" width=\"1024\" height=\"768\" src=\"https:\/\/cptafalla.educacion.navarra.es\/web\/wp-content\/uploads\/2021\/06\/20210610_121715-1024x768.jpg\" alt=\"\" data-id=\"5283\" data-full-url=\"https:\/\/cptafalla.educacion.navarra.es\/web\/wp-content\/uploads\/2021\/06\/20210610_121715-scaled.jpg\" data-link=\"https:\/\/cptafalla.educacion.navarra.es\/web\/?attachment_id=5283\" class=\"wp-image-5283\"\/><\/a><\/figure><\/li><li class=\"blocks-gallery-item\"><figure><a href=\"https:\/\/cptafalla.educacion.navarra.es\/web\/wp-content\/uploads\/2021\/06\/20210610_121809-scaled.jpg\"><img loading=\"lazy\" width=\"1024\" height=\"768\" src=\"https:\/\/cptafalla.educacion.navarra.es\/web\/wp-content\/uploads\/2021\/06\/20210610_121809-1024x768.jpg\" alt=\"\" data-id=\"5284\" data-full-url=\"https:\/\/cptafalla.educacion.navarra.es\/web\/wp-content\/uploads\/2021\/06\/20210610_121809-scaled.jpg\" data-link=\"https:\/\/cptafalla.educacion.navarra.es\/web\/?attachment_id=5284\" class=\"wp-image-5284\"\/><\/a><\/figure><\/li><li class=\"blocks-gallery-item\"><figure><a href=\"https:\/\/cptafalla.educacion.navarra.es\/web\/wp-content\/uploads\/2021\/06\/IMG_20210610_103217-scaled.jpg\"><img loading=\"lazy\" width=\"768\" height=\"1024\" src=\"https:\/\/cptafalla.educacion.navarra.es\/web\/wp-content\/uploads\/2021\/06\/IMG_20210610_103217-768x1024.jpg\" alt=\"\" data-id=\"5285\" data-full-url=\"https:\/\/cptafalla.educacion.navarra.es\/web\/wp-content\/uploads\/2021\/06\/IMG_20210610_103217-scaled.jpg\" data-link=\"https:\/\/cptafalla.educacion.navarra.es\/web\/?attachment_id=5285\" class=\"wp-image-5285\"\/><\/a><\/figure><\/li><li class=\"blocks-gallery-item\"><figure><a href=\"https:\/\/cptafalla.educacion.navarra.es\/web\/wp-content\/uploads\/2021\/06\/IMG_20210610_110735-scaled.jpg\"><img loading=\"lazy\" width=\"768\" height=\"1024\" src=\"https:\/\/cptafalla.educacion.navarra.es\/web\/wp-content\/uploads\/2021\/06\/IMG_20210610_110735-768x1024.jpg\" alt=\"\" data-id=\"5286\" data-full-url=\"https:\/\/cptafalla.educacion.navarra.es\/web\/wp-content\/uploads\/2021\/06\/IMG_20210610_110735-scaled.jpg\" data-link=\"https:\/\/cptafalla.educacion.navarra.es\/web\/?attachment_id=5286\" class=\"wp-image-5286\"\/><\/a><\/figure><\/li><li class=\"blocks-gallery-item\"><figure><a href=\"https:\/\/cptafalla.educacion.navarra.es\/web\/wp-content\/uploads\/2021\/06\/IMG_20210610_111557-scaled.jpg\"><img loading=\"lazy\" width=\"768\" height=\"1024\" src=\"https:\/\/cptafalla.educacion.navarra.es\/web\/wp-content\/uploads\/2021\/06\/IMG_20210610_111557-768x1024.jpg\" alt=\"\" data-id=\"5287\" data-full-url=\"https:\/\/cptafalla.educacion.navarra.es\/web\/wp-content\/uploads\/2021\/06\/IMG_20210610_111557-scaled.jpg\" data-link=\"https:\/\/cptafalla.educacion.navarra.es\/web\/?attachment_id=5287\" class=\"wp-image-5287\"\/><\/a><\/figure><\/li><li class=\"blocks-gallery-item\"><figure><a href=\"https:\/\/cptafalla.educacion.navarra.es\/web\/wp-content\/uploads\/2021\/06\/IMG_20210610_115008-scaled.jpg\"><img loading=\"lazy\" width=\"768\" height=\"1024\" src=\"https:\/\/cptafalla.educacion.navarra.es\/web\/wp-content\/uploads\/2021\/06\/IMG_20210610_115008-768x1024.jpg\" alt=\"\" data-id=\"5288\" data-full-url=\"https:\/\/cptafalla.educacion.navarra.es\/web\/wp-content\/uploads\/2021\/06\/IMG_20210610_115008-scaled.jpg\" data-link=\"https:\/\/cptafalla.educacion.navarra.es\/web\/?attachment_id=5288\" class=\"wp-image-5288\"\/><\/a><\/figure><\/li><li class=\"blocks-gallery-item\"><figure><a href=\"https:\/\/cptafalla.educacion.navarra.es\/web\/wp-content\/uploads\/2021\/06\/IMG_20210610_115039-scaled.jpg\"><img loading=\"lazy\" width=\"768\" height=\"1024\" src=\"https:\/\/cptafalla.educacion.navarra.es\/web\/wp-content\/uploads\/2021\/06\/IMG_20210610_115039-768x1024.jpg\" alt=\"\" data-id=\"5289\" data-full-url=\"https:\/\/cptafalla.educacion.navarra.es\/web\/wp-content\/uploads\/2021\/06\/IMG_20210610_115039-scaled.jpg\" data-link=\"https:\/\/cptafalla.educacion.navarra.es\/web\/?attachment_id=5289\" class=\"wp-image-5289\"\/><\/a><\/figure><\/li><li class=\"blocks-gallery-item\"><figure><a href=\"https:\/\/cptafalla.educacion.navarra.es\/web\/wp-content\/uploads\/2021\/06\/IMG_20210610_115231-scaled.jpg\"><img loading=\"lazy\" width=\"768\" height=\"1024\" src=\"https:\/\/cptafalla.educacion.navarra.es\/web\/wp-content\/uploads\/2021\/06\/IMG_20210610_115231-768x1024.jpg\" alt=\"\" data-id=\"5290\" data-full-url=\"https:\/\/cptafalla.educacion.navarra.es\/web\/wp-content\/uploads\/2021\/06\/IMG_20210610_115231-scaled.jpg\" data-link=\"https:\/\/cptafalla.educacion.navarra.es\/web\/?attachment_id=5290\" class=\"wp-image-5290\"\/><\/a><\/figure><\/li><li class=\"blocks-gallery-item\"><figure><a href=\"https:\/\/cptafalla.educacion.navarra.es\/web\/wp-content\/uploads\/2021\/06\/IMG_20210610_115402-scaled.jpg\"><img loading=\"lazy\" width=\"768\" height=\"1024\" src=\"https:\/\/cptafalla.educacion.navarra.es\/web\/wp-content\/uploads\/2021\/06\/IMG_20210610_115402-768x1024.jpg\" alt=\"\" data-id=\"5291\" data-full-url=\"https:\/\/cptafalla.educacion.navarra.es\/web\/wp-content\/uploads\/2021\/06\/IMG_20210610_115402-scaled.jpg\" data-link=\"https:\/\/cptafalla.educacion.navarra.es\/web\/?attachment_id=5291\" class=\"wp-image-5291\"\/><\/a><\/figure><\/li><li class=\"blocks-gallery-item\"><figure><a href=\"blob:https:\/\/cptafalla.educacion.navarra.es\/49d3e987-56e7-4be5-b4f9-cae20b5260aa\"><img src=\"blob:https:\/\/cptafalla.educacion.navarra.es\/49d3e987-56e7-4be5-b4f9-cae20b5260aa\" data-id=\"\"\/><\/a><\/figure><\/li><\/ul><\/figure>\n","protected":false},"excerpt":{"rendered":"<p>[EUS]D ereduko Lehen Hezkuntzako ikasleak Astizera joan ginen Mendukilo kobazuloa ezagutzera. Iritsi bezain pronto, kobazulotik gertu, hamarretakoa jan genuen eta piska bat jolastu ostean inguruko maketa bat ikusi genuen oso azalpen eta ipuin interesgarriekin batera. Ondoren Mendukilo kobazuloa ezagutu genuen. Benetan kobazulo ederra eta harrigarria! Jarduera bukatu eta gero Baraibarrera joan ginen bazkaltzera eta bertako &hellip; <a href=\"https:\/\/cptafalla.educacion.navarra.es\/web\/2021\/06\/mendukilo-2\/\" class=\"more-link\">Seguir leyendo <span class=\"screen-reader-text\">MENDUKILO<\/span> <span class=\"meta-nav\">&rarr;<\/span><\/a><\/p>\n","protected":false},"author":1,"featured_media":0,"comment_status":"closed","ping_status":"open","sticky":false,"template":"","format":"standard","meta":[],"categories":[1],"tags":[],"_links":{"self":[{"href":"https:\/\/cptafalla.educacion.navarra.es\/web\/wp-json\/wp\/v2\/posts\/5278"}],"collection":[{"href":"https:\/\/cptafalla.educacion.navarra.es\/web\/wp-json\/wp\/v2\/posts"}],"about":[{"href":"https:\/\/cptafalla.educacion.navarra.es\/web\/wp-json\/wp\/v2\/types\/post"}],"author":[{"embeddable":true,"href":"https:\/\/cptafalla.educacion.navarra.es\/web\/wp-json\/wp\/v2\/users\/1"}],"replies":[{"embeddable":true,"href":"https:\/\/cptafalla.educacion.navarra.es\/web\/wp-json\/wp\/v2\/comments?post=5278"}],"version-history":[{"count":1,"href":"https:\/\/cptafalla.educacion.navarra.es\/web\/wp-json\/wp\/v2\/posts\/5278\/revisions"}],"predecessor-version":[{"id":5293,"href":"https:\/\/cptafalla.educacion.navarra.es\/web\/wp-json\/wp\/v2\/posts\/5278\/revisions\/5293"}],"wp:attachment":[{"href":"https:\/\/cptafalla.educacion.navarra.es\/web\/wp-json\/wp\/v2\/media?parent=5278"}],"wp:term":[{"taxonomy":"category","embeddable":true,"href":"https:\/\/cptafalla.educacion.navarra.es\/web\/wp-json\/wp\/v2\/categories?post=5278"},{"taxonomy":"post_tag","embeddable":true,"href":"https:\/\/cptafalla.educacion.navarra.es\/web\/wp-json\/wp\/v2\/tags?post=5278"}],"curies":[{"name":"wp","href":"https:\/\/api.w.org\/{rel}","templated":true}]}}