{"id":524,"date":"2014-11-28T13:29:22","date_gmt":"2014-11-28T12:29:22","guid":{"rendered":"http:\/\/cptafalla.educacion.navarra.es\/web\/?p=524"},"modified":"2015-01-07T20:31:00","modified_gmt":"2015-01-07T19:31:00","slug":"dia-de-la-maestra-y-del-maestro","status":"publish","type":"post","link":"https:\/\/cptafalla.educacion.navarra.es\/web\/2014\/11\/dia-de-la-maestra-y-del-maestro\/","title":{"rendered":"D\u00cdA DE LA<br\/>MAESTRA Y DEL MAESTRO"},"content":{"rendered":"<p><a href=\"https:\/\/cptafalla.educacion.navarra.es\/web\/wp-content\/uploads\/2014\/11\/S5B4349.jpg\"><img loading=\"lazy\" class=\"alignnone size-full wp-image-525\" src=\"https:\/\/cptafalla.educacion.navarra.es\/web\/wp-content\/uploads\/2014\/11\/S5B4349.jpg\" alt=\"_S5B4349\" width=\"1024\" height=\"683\" srcset=\"https:\/\/cptafalla.educacion.navarra.es\/web\/wp-content\/uploads\/2014\/11\/S5B4349.jpg 1024w, https:\/\/cptafalla.educacion.navarra.es\/web\/wp-content\/uploads\/2014\/11\/S5B4349-300x200.jpg 300w\" sizes=\"(max-width: 1024px) 100vw, 1024px\" \/><\/a><\/p>\n<p>A lo largo de toda la ma\u00f1ana hemos tenido actividades l\u00fadicas, Juegos, teatro de las maestras de Infantil&#8230;<br \/>\nUna ma\u00f1ana redonda (adem\u00e1s de ventosa).<\/p>\n<p>Hemos comenzado con una obra de Teatro que ha maravillado al p\u00fablico m\u00e1s exigente.<\/p>\n<p><img loading=\"lazy\" class=\"alignnone size-large wp-image-526\" src=\"https:\/\/cptafalla.educacion.navarra.es\/web\/wp-content\/uploads\/2014\/11\/S5B4299.jpg\" alt=\"_S5B4299\" width=\"474\" height=\"330\" srcset=\"https:\/\/cptafalla.educacion.navarra.es\/web\/wp-content\/uploads\/2014\/11\/S5B4299.jpg 1024w, https:\/\/cptafalla.educacion.navarra.es\/web\/wp-content\/uploads\/2014\/11\/S5B4299-300x208.jpg 300w\" sizes=\"(max-width: 474px) 100vw, 474px\" \/><\/p>\n<p>Mientras, los mayores hac\u00edan frente al fuerte bochorno con juegos<br \/>\nTodas las im\u00e1genes en la <a href=\"https:\/\/drive.google.com\/folderview?id=0B6LCFgPqjtgxdDNGM0VvX3dSTVU&amp;usp=sharing\" target=\"_blank\">galer\u00eda de fotos<\/a>.<\/p>\n","protected":false},"excerpt":{"rendered":"<p>A lo largo de toda la ma\u00f1ana hemos tenido actividades l\u00fadicas, Juegos, teatro de las maestras de Infantil&#8230; Una ma\u00f1ana redonda (adem\u00e1s de ventosa). Hemos comenzado con una obra de Teatro que ha maravillado al p\u00fablico m\u00e1s exigente. Mientras, los mayores hac\u00edan frente al fuerte bochorno con juegos Todas las im\u00e1genes en la galer\u00eda de &hellip; <a href=\"https:\/\/cptafalla.educacion.navarra.es\/web\/2014\/11\/dia-de-la-maestra-y-del-maestro\/\" class=\"more-link\">Seguir leyendo <span class=\"screen-reader-text\">D\u00cdA DE LA<br \/>MAESTRA Y DEL MAESTRO<\/span> <span class=\"meta-nav\">&rarr;<\/span><\/a><\/p>\n","protected":false},"author":1,"featured_media":0,"comment_status":"closed","ping_status":"open","sticky":false,"template":"","format":"standard","meta":[],"categories":[1],"tags":[],"_links":{"self":[{"href":"https:\/\/cptafalla.educacion.navarra.es\/web\/wp-json\/wp\/v2\/posts\/524"}],"collection":[{"href":"https:\/\/cptafalla.educacion.navarra.es\/web\/wp-json\/wp\/v2\/posts"}],"about":[{"href":"https:\/\/cptafalla.educacion.navarra.es\/web\/wp-json\/wp\/v2\/types\/post"}],"author":[{"embeddable":true,"href":"https:\/\/cptafalla.educacion.navarra.es\/web\/wp-json\/wp\/v2\/users\/1"}],"replies":[{"embeddable":true,"href":"https:\/\/cptafalla.educacion.navarra.es\/web\/wp-json\/wp\/v2\/comments?post=524"}],"version-history":[{"count":2,"href":"https:\/\/cptafalla.educacion.navarra.es\/web\/wp-json\/wp\/v2\/posts\/524\/revisions"}],"predecessor-version":[{"id":683,"href":"https:\/\/cptafalla.educacion.navarra.es\/web\/wp-json\/wp\/v2\/posts\/524\/revisions\/683"}],"wp:attachment":[{"href":"https:\/\/cptafalla.educacion.navarra.es\/web\/wp-json\/wp\/v2\/media?parent=524"}],"wp:term":[{"taxonomy":"category","embeddable":true,"href":"https:\/\/cptafalla.educacion.navarra.es\/web\/wp-json\/wp\/v2\/categories?post=524"},{"taxonomy":"post_tag","embeddable":true,"href":"https:\/\/cptafalla.educacion.navarra.es\/web\/wp-json\/wp\/v2\/tags?post=524"}],"curies":[{"name":"wp","href":"https:\/\/api.w.org\/{rel}","templated":true}]}}