{"id":5046,"date":"2021-04-23T13:55:57","date_gmt":"2021-04-23T11:55:57","guid":{"rendered":"http:\/\/cptafalla.educacion.navarra.es\/web\/?p=5046"},"modified":"2021-04-23T13:55:58","modified_gmt":"2021-04-23T11:55:58","slug":"maria-anna-mozart","status":"publish","type":"post","link":"https:\/\/cptafalla.educacion.navarra.es\/web\/2021\/04\/maria-anna-mozart\/","title":{"rendered":"MAR\u00cdA ANNA MOZART"},"content":{"rendered":"\n<div class=\"kvgmc6g5 cxmmr5t8 oygrvhab hcukyx3x c1et5uql ii04i59q\">\n<div dir=\"auto\">Durante esta semana, el alumnado de 3\u00ba y 4\u00ba de E. Primaria de Modelos A\/G ha recibido la visita de Mar\u00eda Anna Mozart, la hermana del virtuoso compositor Wolfgang Amadeus Mozart.<\/div>\n<div dir=\"auto\">El motivo de esta inesperada visita ha sido homenajear a esta gran mujer que, a pesar de tener un gran talento musical (mayor incluso que su hermano Mozart), tuvo que abandonar su carrera profesional por haber nacido en una \u00e9poca en la que la mujer, llegada a la edad casadera (18 a\u00f1os), deb\u00eda de encargarse de las labores dom\u00e9sticas.<\/div>\n<div dir=\"auto\">\u00a0<\/div>\n<\/div>\n<div class=\"o9v6fnle cxmmr5t8 oygrvhab hcukyx3x c1et5uql ii04i59q\">\n<div dir=\"auto\">Aste honetan, Lehen Hezkuntzako 3. eta 4. mailetako A\/G ereduetako ikasleek Maria Anna Mozarten bisita jaso dute, Wolfgang Amadeus Mozart musikagile famatuaren arreba.<\/div>\n<div dir=\"auto\">Ustekabeko bisita honen arrazoia emakume handi hau omentzea izan da, musikarako talentu handia izan arren (bere anaia Mozart baino handiagoa izan arren), bere karrera profesionala utzi behar izan baitzuen garai batean jaio zelako, non emakumeak, ezkontzeko adinera iritsita (18 urte), etxeko lanez arduratu behar zuen.<\/div>\n<\/div>\n\n\n\n<figure class=\"wp-block-gallery columns-3 is-cropped\"><ul class=\"blocks-gallery-grid\"><li class=\"blocks-gallery-item\"><figure><a href=\"https:\/\/cptafalla.educacion.navarra.es\/web\/wp-content\/uploads\/2021\/04\/20210419_100155-scaled.jpg\"><img loading=\"lazy\" width=\"1024\" height=\"768\" src=\"https:\/\/cptafalla.educacion.navarra.es\/web\/wp-content\/uploads\/2021\/04\/20210419_100155-1024x768.jpg\" alt=\"\" data-id=\"5047\" data-full-url=\"https:\/\/cptafalla.educacion.navarra.es\/web\/wp-content\/uploads\/2021\/04\/20210419_100155-scaled.jpg\" data-link=\"https:\/\/cptafalla.educacion.navarra.es\/web\/?attachment_id=5047\" class=\"wp-image-5047\" srcset=\"https:\/\/cptafalla.educacion.navarra.es\/web\/wp-content\/uploads\/2021\/04\/20210419_100155-1024x768.jpg 1024w, https:\/\/cptafalla.educacion.navarra.es\/web\/wp-content\/uploads\/2021\/04\/20210419_100155-300x225.jpg 300w, https:\/\/cptafalla.educacion.navarra.es\/web\/wp-content\/uploads\/2021\/04\/20210419_100155-768x576.jpg 768w, https:\/\/cptafalla.educacion.navarra.es\/web\/wp-content\/uploads\/2021\/04\/20210419_100155-1536x1152.jpg 1536w, https:\/\/cptafalla.educacion.navarra.es\/web\/wp-content\/uploads\/2021\/04\/20210419_100155-2048x1536.jpg 2048w\" sizes=\"(max-width: 1024px) 100vw, 1024px\" \/><\/a><\/figure><\/li><li class=\"blocks-gallery-item\"><figure><a href=\"https:\/\/cptafalla.educacion.navarra.es\/web\/wp-content\/uploads\/2021\/04\/20210419_100208-scaled.jpg\"><img loading=\"lazy\" width=\"1024\" height=\"768\" src=\"https:\/\/cptafalla.educacion.navarra.es\/web\/wp-content\/uploads\/2021\/04\/20210419_100208-1024x768.jpg\" alt=\"\" data-id=\"5048\" data-full-url=\"https:\/\/cptafalla.educacion.navarra.es\/web\/wp-content\/uploads\/2021\/04\/20210419_100208-scaled.jpg\" data-link=\"https:\/\/cptafalla.educacion.navarra.es\/web\/?attachment_id=5048\" class=\"wp-image-5048\" srcset=\"https:\/\/cptafalla.educacion.navarra.es\/web\/wp-content\/uploads\/2021\/04\/20210419_100208-1024x768.jpg 1024w, https:\/\/cptafalla.educacion.navarra.es\/web\/wp-content\/uploads\/2021\/04\/20210419_100208-300x225.jpg 300w, https:\/\/cptafalla.educacion.navarra.es\/web\/wp-content\/uploads\/2021\/04\/20210419_100208-768x576.jpg 768w, https:\/\/cptafalla.educacion.navarra.es\/web\/wp-content\/uploads\/2021\/04\/20210419_100208-1536x1152.jpg 1536w, https:\/\/cptafalla.educacion.navarra.es\/web\/wp-content\/uploads\/2021\/04\/20210419_100208-2048x1536.jpg 2048w\" sizes=\"(max-width: 1024px) 100vw, 1024px\" \/><\/a><\/figure><\/li><li class=\"blocks-gallery-item\"><figure><a href=\"https:\/\/cptafalla.educacion.navarra.es\/web\/wp-content\/uploads\/2021\/04\/1618902422760-1-scaled.jpg\"><img loading=\"lazy\" width=\"1024\" height=\"769\" src=\"https:\/\/cptafalla.educacion.navarra.es\/web\/wp-content\/uploads\/2021\/04\/1618902422760-1-1024x769.jpg\" alt=\"\" data-id=\"5049\" data-full-url=\"https:\/\/cptafalla.educacion.navarra.es\/web\/wp-content\/uploads\/2021\/04\/1618902422760-1-scaled.jpg\" data-link=\"https:\/\/cptafalla.educacion.navarra.es\/web\/?attachment_id=5049\" class=\"wp-image-5049\" srcset=\"https:\/\/cptafalla.educacion.navarra.es\/web\/wp-content\/uploads\/2021\/04\/1618902422760-1-1024x769.jpg 1024w, https:\/\/cptafalla.educacion.navarra.es\/web\/wp-content\/uploads\/2021\/04\/1618902422760-1-300x225.jpg 300w, https:\/\/cptafalla.educacion.navarra.es\/web\/wp-content\/uploads\/2021\/04\/1618902422760-1-768x577.jpg 768w, https:\/\/cptafalla.educacion.navarra.es\/web\/wp-content\/uploads\/2021\/04\/1618902422760-1-1536x1153.jpg 1536w, https:\/\/cptafalla.educacion.navarra.es\/web\/wp-content\/uploads\/2021\/04\/1618902422760-1-2048x1538.jpg 2048w\" sizes=\"(max-width: 1024px) 100vw, 1024px\" \/><\/a><\/figure><\/li><li class=\"blocks-gallery-item\"><figure><a href=\"https:\/\/cptafalla.educacion.navarra.es\/web\/wp-content\/uploads\/2021\/04\/b13fb015-6178-4d30-8761-cb51da189bd9.jpg\"><img loading=\"lazy\" width=\"768\" height=\"1024\" src=\"https:\/\/cptafalla.educacion.navarra.es\/web\/wp-content\/uploads\/2021\/04\/b13fb015-6178-4d30-8761-cb51da189bd9-768x1024.jpg\" alt=\"\" data-id=\"5050\" data-full-url=\"https:\/\/cptafalla.educacion.navarra.es\/web\/wp-content\/uploads\/2021\/04\/b13fb015-6178-4d30-8761-cb51da189bd9.jpg\" data-link=\"https:\/\/cptafalla.educacion.navarra.es\/web\/?attachment_id=5050\" class=\"wp-image-5050\" srcset=\"https:\/\/cptafalla.educacion.navarra.es\/web\/wp-content\/uploads\/2021\/04\/b13fb015-6178-4d30-8761-cb51da189bd9-768x1024.jpg 768w, https:\/\/cptafalla.educacion.navarra.es\/web\/wp-content\/uploads\/2021\/04\/b13fb015-6178-4d30-8761-cb51da189bd9-225x300.jpg 225w, https:\/\/cptafalla.educacion.navarra.es\/web\/wp-content\/uploads\/2021\/04\/b13fb015-6178-4d30-8761-cb51da189bd9-1152x1536.jpg 1152w, https:\/\/cptafalla.educacion.navarra.es\/web\/wp-content\/uploads\/2021\/04\/b13fb015-6178-4d30-8761-cb51da189bd9.jpg 1200w\" sizes=\"(max-width: 768px) 100vw, 768px\" \/><\/a><\/figure><\/li><\/ul><\/figure>\n","protected":false},"excerpt":{"rendered":"<p>Durante esta semana, el alumnado de 3\u00ba y 4\u00ba de E. Primaria de Modelos A\/G ha recibido la visita de Mar\u00eda Anna Mozart, la hermana del virtuoso compositor Wolfgang Amadeus Mozart. El motivo de esta inesperada visita ha sido homenajear a esta gran mujer que, a pesar de tener un gran talento musical (mayor incluso &hellip; <a href=\"https:\/\/cptafalla.educacion.navarra.es\/web\/2021\/04\/maria-anna-mozart\/\" class=\"more-link\">Seguir leyendo <span class=\"screen-reader-text\">MAR\u00cdA ANNA MOZART<\/span> <span class=\"meta-nav\">&rarr;<\/span><\/a><\/p>\n","protected":false},"author":1,"featured_media":0,"comment_status":"closed","ping_status":"open","sticky":false,"template":"","format":"standard","meta":[],"categories":[1],"tags":[],"_links":{"self":[{"href":"https:\/\/cptafalla.educacion.navarra.es\/web\/wp-json\/wp\/v2\/posts\/5046"}],"collection":[{"href":"https:\/\/cptafalla.educacion.navarra.es\/web\/wp-json\/wp\/v2\/posts"}],"about":[{"href":"https:\/\/cptafalla.educacion.navarra.es\/web\/wp-json\/wp\/v2\/types\/post"}],"author":[{"embeddable":true,"href":"https:\/\/cptafalla.educacion.navarra.es\/web\/wp-json\/wp\/v2\/users\/1"}],"replies":[{"embeddable":true,"href":"https:\/\/cptafalla.educacion.navarra.es\/web\/wp-json\/wp\/v2\/comments?post=5046"}],"version-history":[{"count":1,"href":"https:\/\/cptafalla.educacion.navarra.es\/web\/wp-json\/wp\/v2\/posts\/5046\/revisions"}],"predecessor-version":[{"id":5051,"href":"https:\/\/cptafalla.educacion.navarra.es\/web\/wp-json\/wp\/v2\/posts\/5046\/revisions\/5051"}],"wp:attachment":[{"href":"https:\/\/cptafalla.educacion.navarra.es\/web\/wp-json\/wp\/v2\/media?parent=5046"}],"wp:term":[{"taxonomy":"category","embeddable":true,"href":"https:\/\/cptafalla.educacion.navarra.es\/web\/wp-json\/wp\/v2\/categories?post=5046"},{"taxonomy":"post_tag","embeddable":true,"href":"https:\/\/cptafalla.educacion.navarra.es\/web\/wp-json\/wp\/v2\/tags?post=5046"}],"curies":[{"name":"wp","href":"https:\/\/api.w.org\/{rel}","templated":true}]}}