{"id":4120,"date":"2019-12-18T09:58:02","date_gmt":"2019-12-18T08:58:02","guid":{"rendered":"http:\/\/cptafalla.educacion.navarra.es\/web\/?p=4120"},"modified":"2019-12-18T09:58:02","modified_gmt":"2019-12-18T08:58:02","slug":"recogida-solidariaelkartasun-bilketa","status":"publish","type":"post","link":"https:\/\/cptafalla.educacion.navarra.es\/web\/2019\/12\/recogida-solidariaelkartasun-bilketa\/","title":{"rendered":"RECOGIDA SOLIDARIA<BR>ELKARTASUN BILKETA"},"content":{"rendered":"\n<div id=\"js_2mj\" class=\"_5pbx userContent _3576\" data-testid=\"post_message\" data-ft=\"{&quot;tn&quot;:&quot;K&quot;}\">\n<div id=\"id_5df9e951bc8920131176345\" class=\"text_exposed_root text_exposed\">\n<p>Recogida Solidaria para la Biblioteca P\u00fablica de Los Alc\u00e1zares<\/p>\n<p>El alumnado de 4.\u00ba de Educaci\u00f3n Primaria contin\u00faa trabajando en el proyecto &#8220;P\u00f3tamos Zidakos&#8221; en torno a las inundaciones del verano en Tafalla.<br \/>A ra\u00edz de la noticia de las inundaciones en el Levante, escribieron cartas a colegios p\u00fablicos de Orihuela y Los Alc\u00e1zares. Desde esta \u00faltima localidad nos dijeron que la Biblioteca P\u00fablica se hab\u00eda inundado completamente, perdi\u00e9ndolo todo (m\u00e1s de 17000 vol\u00famenes),<br \/>Las cl<span class=\"text_exposed_show\">ases de 4.\u00ba han organizado una Recogida Solidaria de libros y DVDs para ayudar a reponer el fondo de la Biblioteca de Los Alc\u00e1zares.<br \/>Hay puntos de recogida en el Colegio (Conserjer\u00eda), Ayuntamiento, Biblioteca P\u00fablica de Tafalla, Pinturas Arrazubi y, a partir de enero, en la oficina de MRW (que es quien se encargar\u00e1 de hacer llegar todo lo recogido a Murcia gratuitamente).<br \/>Muchas gracias por vuestra solidaridad.<\/span><\/p>\n<div class=\"text_exposed_show\">\n<p>Los Alcazareseko liburutegi publikorako elkartasun bilketa.<\/p>\n<p>Pasa den udan gertatuko uholdeen ondorioz, Lehen hezkutzako 4.mailako ikasleak potamos zidakos proiektua sortu eta lanean dihardute.<\/p>\n<p>Levanten izandako uholdeak ezagutu bezain laster, gure ikastetxeko ikasleak eskutitz bidez Orihuela eta Los Alc\u00e1zaresekoekin harremanetan jarri ziren. Los Alcazaresekoek, liburutegi publikoa urez gailendu zela adierazi ziguten, dena galdu delarik (17000 liburu).<\/p>\n<p>4.mailako ikasleek liburu eta DVD bilketa antolatu dute, los Alcazareseko liburutegia berriro martxan jarri ahal izateko.<br \/>Bilgune ezberdinak daude:<br \/>Ikastetxeko atezaintzan<br \/>Udaletxean\u00a0<br \/>Tafallako liburutegi publikoan<br \/>Pinturas Arrazubin<br \/>Urtarriletik aurrera MRW bulegoetan (hauei esker dohain iritsiko da bildutako guztia Murtziara)<br \/>Eskerrik asko zuen guztien elkartasunagatik.<\/p>\n<\/div>\n<\/div>\n<\/div>\n<div class=\"_3x-2\" data-ft=\"{&quot;tn&quot;:&quot;H&quot;}\">\n<div data-ft=\"{&quot;tn&quot;:&quot;H&quot;}\">\n<div class=\"mtm\">\n<div>\n<div class=\"_1ktf\" data-ft=\"{&quot;tn&quot;:&quot;E&quot;}\">\u00a0<\/div>\n<\/div>\n<\/div>\n<\/div>\n<\/div>\n\n\n\n<figure class=\"wp-block-image size-large\"><img loading=\"lazy\" width=\"724\" height=\"1024\" src=\"https:\/\/cptafalla.educacion.navarra.es\/web\/wp-content\/uploads\/2019\/12\/WEB_Cartel_Recogida_libros_Los-Alcazares-724x1024.jpg\" alt=\"\" class=\"wp-image-4121\" srcset=\"https:\/\/cptafalla.educacion.navarra.es\/web\/wp-content\/uploads\/2019\/12\/WEB_Cartel_Recogida_libros_Los-Alcazares-724x1024.jpg 724w, https:\/\/cptafalla.educacion.navarra.es\/web\/wp-content\/uploads\/2019\/12\/WEB_Cartel_Recogida_libros_Los-Alcazares-212x300.jpg 212w, https:\/\/cptafalla.educacion.navarra.es\/web\/wp-content\/uploads\/2019\/12\/WEB_Cartel_Recogida_libros_Los-Alcazares-768x1086.jpg 768w, https:\/\/cptafalla.educacion.navarra.es\/web\/wp-content\/uploads\/2019\/12\/WEB_Cartel_Recogida_libros_Los-Alcazares-1086x1536.jpg 1086w, https:\/\/cptafalla.educacion.navarra.es\/web\/wp-content\/uploads\/2019\/12\/WEB_Cartel_Recogida_libros_Los-Alcazares.jpg 1358w\" sizes=\"(max-width: 724px) 100vw, 724px\" \/><\/figure>\n","protected":false},"excerpt":{"rendered":"<p>Recogida Solidaria para la Biblioteca P\u00fablica de Los Alc\u00e1zares El alumnado de 4.\u00ba de Educaci\u00f3n Primaria contin\u00faa trabajando en el proyecto &#8220;P\u00f3tamos Zidakos&#8221; en torno a las inundaciones del verano en Tafalla.A ra\u00edz de la noticia de las inundaciones en el Levante, escribieron cartas a colegios p\u00fablicos de Orihuela y Los Alc\u00e1zares. Desde esta \u00faltima &hellip; <a href=\"https:\/\/cptafalla.educacion.navarra.es\/web\/2019\/12\/recogida-solidariaelkartasun-bilketa\/\" class=\"more-link\">Seguir leyendo <span class=\"screen-reader-text\">RECOGIDA SOLIDARIA<BR>ELKARTASUN BILKETA<\/span> <span class=\"meta-nav\">&rarr;<\/span><\/a><\/p>\n","protected":false},"author":1,"featured_media":0,"comment_status":"closed","ping_status":"open","sticky":false,"template":"","format":"standard","meta":[],"categories":[1],"tags":[],"_links":{"self":[{"href":"https:\/\/cptafalla.educacion.navarra.es\/web\/wp-json\/wp\/v2\/posts\/4120"}],"collection":[{"href":"https:\/\/cptafalla.educacion.navarra.es\/web\/wp-json\/wp\/v2\/posts"}],"about":[{"href":"https:\/\/cptafalla.educacion.navarra.es\/web\/wp-json\/wp\/v2\/types\/post"}],"author":[{"embeddable":true,"href":"https:\/\/cptafalla.educacion.navarra.es\/web\/wp-json\/wp\/v2\/users\/1"}],"replies":[{"embeddable":true,"href":"https:\/\/cptafalla.educacion.navarra.es\/web\/wp-json\/wp\/v2\/comments?post=4120"}],"version-history":[{"count":1,"href":"https:\/\/cptafalla.educacion.navarra.es\/web\/wp-json\/wp\/v2\/posts\/4120\/revisions"}],"predecessor-version":[{"id":4122,"href":"https:\/\/cptafalla.educacion.navarra.es\/web\/wp-json\/wp\/v2\/posts\/4120\/revisions\/4122"}],"wp:attachment":[{"href":"https:\/\/cptafalla.educacion.navarra.es\/web\/wp-json\/wp\/v2\/media?parent=4120"}],"wp:term":[{"taxonomy":"category","embeddable":true,"href":"https:\/\/cptafalla.educacion.navarra.es\/web\/wp-json\/wp\/v2\/categories?post=4120"},{"taxonomy":"post_tag","embeddable":true,"href":"https:\/\/cptafalla.educacion.navarra.es\/web\/wp-json\/wp\/v2\/tags?post=4120"}],"curies":[{"name":"wp","href":"https:\/\/api.w.org\/{rel}","templated":true}]}}