{"id":2696,"date":"2018-03-24T13:07:38","date_gmt":"2018-03-24T12:07:38","guid":{"rendered":"http:\/\/cptafalla.educacion.navarra.es\/web\/?p=2696"},"modified":"2018-04-11T13:07:51","modified_gmt":"2018-04-11T11:07:51","slug":"campeonas-de-navarra","status":"publish","type":"post","link":"https:\/\/cptafalla.educacion.navarra.es\/web\/2018\/03\/campeonas-de-navarra\/","title":{"rendered":"CAMPEONAS DE NAVARRA"},"content":{"rendered":"<p>Nuestro Centro, un a\u00f1o m\u00e1s, CAMPEONAS DE NAVARRA de &#8220;Jugando al atletismo&#8221;.<br \/>\nEquipo compuesto por Alexia Font\u00e1n Silva, Nora Indur\u00e1in Marco,\u00a0 Anne Mangado Lerga, Ohiane Serrano Suescun y Alicia Vallejo Acarreta.<span class=\"text_exposed_show\"><br \/>\n<strong>ENHORABUENA CAMPEONAS<\/strong><br \/>\nEl 12 y 13 de mayo representar\u00e1n a Navarra en el Campeonato nacional que se celebrar\u00e1 en Lorca (Murcia).<br \/>\nY el equipo de 4\u00ba y 5\u00ba de Primaria (Oihane Caballero Garc\u00eda, Irene Garc\u00eda \u00c1lvarez, Paula Guembe Berruezo, Nagore Liborio Cizaurre y Uxue Sota Caballero) ya van prepar\u00e1ndose para el relevo, pues \u00a1han quedado quintas!<\/span><\/p>\n<p><a href=\"https:\/\/cptafalla.educacion.navarra.es\/web\/wp-content\/uploads\/2018\/04\/Atletismo_2018.jpg\"><img loading=\"lazy\" class=\"alignleft size-large wp-image-2697\" src=\"https:\/\/cptafalla.educacion.navarra.es\/web\/wp-content\/uploads\/2018\/04\/Atletismo_2018-1024x768.jpg\" alt=\"\" width=\"474\" height=\"356\" srcset=\"https:\/\/cptafalla.educacion.navarra.es\/web\/wp-content\/uploads\/2018\/04\/Atletismo_2018-1024x768.jpg 1024w, https:\/\/cptafalla.educacion.navarra.es\/web\/wp-content\/uploads\/2018\/04\/Atletismo_2018-300x225.jpg 300w, https:\/\/cptafalla.educacion.navarra.es\/web\/wp-content\/uploads\/2018\/04\/Atletismo_2018-768x576.jpg 768w, https:\/\/cptafalla.educacion.navarra.es\/web\/wp-content\/uploads\/2018\/04\/Atletismo_2018.jpg 1600w\" sizes=\"(max-width: 474px) 100vw, 474px\" \/><\/a><\/p>\n","protected":false},"excerpt":{"rendered":"<p>Nuestro Centro, un a\u00f1o m\u00e1s, CAMPEONAS DE NAVARRA de &#8220;Jugando al atletismo&#8221;. Equipo compuesto por Alexia Font\u00e1n Silva, Nora Indur\u00e1in Marco,\u00a0 Anne Mangado Lerga, Ohiane Serrano Suescun y Alicia Vallejo Acarreta. ENHORABUENA CAMPEONAS El 12 y 13 de mayo representar\u00e1n a Navarra en el Campeonato nacional que se celebrar\u00e1 en Lorca (Murcia). Y el equipo &hellip; <a href=\"https:\/\/cptafalla.educacion.navarra.es\/web\/2018\/03\/campeonas-de-navarra\/\" class=\"more-link\">Seguir leyendo <span class=\"screen-reader-text\">CAMPEONAS DE NAVARRA<\/span> <span class=\"meta-nav\">&rarr;<\/span><\/a><\/p>\n","protected":false},"author":1,"featured_media":0,"comment_status":"closed","ping_status":"open","sticky":false,"template":"","format":"standard","meta":[],"categories":[1],"tags":[],"_links":{"self":[{"href":"https:\/\/cptafalla.educacion.navarra.es\/web\/wp-json\/wp\/v2\/posts\/2696"}],"collection":[{"href":"https:\/\/cptafalla.educacion.navarra.es\/web\/wp-json\/wp\/v2\/posts"}],"about":[{"href":"https:\/\/cptafalla.educacion.navarra.es\/web\/wp-json\/wp\/v2\/types\/post"}],"author":[{"embeddable":true,"href":"https:\/\/cptafalla.educacion.navarra.es\/web\/wp-json\/wp\/v2\/users\/1"}],"replies":[{"embeddable":true,"href":"https:\/\/cptafalla.educacion.navarra.es\/web\/wp-json\/wp\/v2\/comments?post=2696"}],"version-history":[{"count":1,"href":"https:\/\/cptafalla.educacion.navarra.es\/web\/wp-json\/wp\/v2\/posts\/2696\/revisions"}],"predecessor-version":[{"id":2698,"href":"https:\/\/cptafalla.educacion.navarra.es\/web\/wp-json\/wp\/v2\/posts\/2696\/revisions\/2698"}],"wp:attachment":[{"href":"https:\/\/cptafalla.educacion.navarra.es\/web\/wp-json\/wp\/v2\/media?parent=2696"}],"wp:term":[{"taxonomy":"category","embeddable":true,"href":"https:\/\/cptafalla.educacion.navarra.es\/web\/wp-json\/wp\/v2\/categories?post=2696"},{"taxonomy":"post_tag","embeddable":true,"href":"https:\/\/cptafalla.educacion.navarra.es\/web\/wp-json\/wp\/v2\/tags?post=2696"}],"curies":[{"name":"wp","href":"https:\/\/api.w.org\/{rel}","templated":true}]}}