{"id":2463,"date":"2018-01-10T13:32:28","date_gmt":"2018-01-10T12:32:28","guid":{"rendered":"http:\/\/cptafalla.educacion.navarra.es\/web\/?p=2463"},"modified":"2018-01-10T13:32:34","modified_gmt":"2018-01-10T12:32:34","slug":"centro-magistral","status":"publish","type":"post","link":"https:\/\/cptafalla.educacion.navarra.es\/web\/2018\/01\/centro-magistral\/","title":{"rendered":"CENTRO MAGISTRAL"},"content":{"rendered":"<p>Desde la organizaci\u00f3n del <a href=\"http:\/\/premio.fad.es\/\" target=\"_blank\" rel=\"noopener\">Premio Acci\u00f3n Magistral<\/a>, nos han concedido el sello de &#8220;Centro Magistral&#8221; por haber sido Finalista auton\u00f3mico en la edici\u00f3n de 2017 (logro que tambi\u00e9n conseguimos en la convocatoria de 2016).<\/p>\n<p><a href=\"https:\/\/cptafalla.educacion.navarra.es\/web\/wp-content\/uploads\/2018\/01\/Sello-Centro-Magistral_tuneado.jpg\"><img loading=\"lazy\" class=\"alignleft size-full wp-image-2464\" src=\"https:\/\/cptafalla.educacion.navarra.es\/web\/wp-content\/uploads\/2018\/01\/Sello-Centro-Magistral_tuneado.jpg\" alt=\"\" width=\"2469\" height=\"1698\" \/><\/a><\/p>\n","protected":false},"excerpt":{"rendered":"<p>Desde la organizaci\u00f3n del Premio Acci\u00f3n Magistral, nos han concedido el sello de &#8220;Centro Magistral&#8221; por haber sido Finalista auton\u00f3mico en la edici\u00f3n de 2017 (logro que tambi\u00e9n conseguimos en la convocatoria de 2016).<\/p>\n","protected":false},"author":1,"featured_media":0,"comment_status":"closed","ping_status":"open","sticky":false,"template":"","format":"standard","meta":[],"categories":[1],"tags":[],"_links":{"self":[{"href":"https:\/\/cptafalla.educacion.navarra.es\/web\/wp-json\/wp\/v2\/posts\/2463"}],"collection":[{"href":"https:\/\/cptafalla.educacion.navarra.es\/web\/wp-json\/wp\/v2\/posts"}],"about":[{"href":"https:\/\/cptafalla.educacion.navarra.es\/web\/wp-json\/wp\/v2\/types\/post"}],"author":[{"embeddable":true,"href":"https:\/\/cptafalla.educacion.navarra.es\/web\/wp-json\/wp\/v2\/users\/1"}],"replies":[{"embeddable":true,"href":"https:\/\/cptafalla.educacion.navarra.es\/web\/wp-json\/wp\/v2\/comments?post=2463"}],"version-history":[{"count":1,"href":"https:\/\/cptafalla.educacion.navarra.es\/web\/wp-json\/wp\/v2\/posts\/2463\/revisions"}],"predecessor-version":[{"id":2465,"href":"https:\/\/cptafalla.educacion.navarra.es\/web\/wp-json\/wp\/v2\/posts\/2463\/revisions\/2465"}],"wp:attachment":[{"href":"https:\/\/cptafalla.educacion.navarra.es\/web\/wp-json\/wp\/v2\/media?parent=2463"}],"wp:term":[{"taxonomy":"category","embeddable":true,"href":"https:\/\/cptafalla.educacion.navarra.es\/web\/wp-json\/wp\/v2\/categories?post=2463"},{"taxonomy":"post_tag","embeddable":true,"href":"https:\/\/cptafalla.educacion.navarra.es\/web\/wp-json\/wp\/v2\/tags?post=2463"}],"curies":[{"name":"wp","href":"https:\/\/api.w.org\/{rel}","templated":true}]}}