{"id":2337,"date":"2017-11-01T17:20:25","date_gmt":"2017-11-01T16:20:25","guid":{"rendered":"http:\/\/cptafalla.educacion.navarra.es\/web\/?p=2337"},"modified":"2017-11-01T18:38:57","modified_gmt":"2017-11-01T17:38:57","slug":"despedida-de-maribel-andueza","status":"publish","type":"post","link":"https:\/\/cptafalla.educacion.navarra.es\/web\/2017\/11\/despedida-de-maribel-andueza\/","title":{"rendered":"Despedida a<br>Maribel Andueza"},"content":{"rendered":"<p>El 31 de octubre fue el \u00faltimo d\u00eda de trabajo de nuestra compa\u00f1era Maribel Andueza, profesora, y defensora, de Euskera durante tantos y tantos a\u00f1os.<br \/>\nLa v\u00edspera, en Educaci\u00f3n Infantil le sorprendieron en el pasillo con una canci\u00f3n, dibujos, unas flores y besos, muchos besos.<br \/>\nY ya en su despedida, canciones y mensajes de cari\u00f1o y reconocimiento y la\u00a0<a class=\"profileLink\" href=\"https:\/\/www.facebook.com\/profile.php?id=100010571777554&amp;fref=mentions\" data-hovercard=\"\/ajax\/hovercard\/user.php?id=100010571777554&amp;extragetparams=%7B%22fref%22%3A%22mentions%22%7D\" data-hovercard-prefer-more-content-show=\"1\">Apyma Romerales<\/a>\u00a0le hizo entrega, junto a Angelines, nuestra cocinera durante los \u00faltimos 40 a\u00f1os, de un recuerdo en nombre de todas familias y desde aqu\u00ed, en nombre de todo el Centro, nuestro agradecimiento y buenos deseos.<br \/>\nAGUR BERO BAT<\/p>\n<div id='gallery-1' class='gallery galleryid-2337 gallery-columns-3 gallery-size-thumbnail'><figure class='gallery-item'>\n\t\t\t<div class='gallery-icon landscape'>\n\t\t\t\t<a href='https:\/\/cptafalla.educacion.navarra.es\/web\/2017\/11\/despedida-de-maribel-andueza\/_s5b6647\/'><img width=\"150\" height=\"150\" src=\"https:\/\/cptafalla.educacion.navarra.es\/web\/wp-content\/uploads\/2017\/11\/S5B6647-150x150.jpg\" class=\"attachment-thumbnail size-thumbnail\" alt=\"\" loading=\"lazy\" \/><\/a>\n\t\t\t<\/div><\/figure><figure class='gallery-item'>\n\t\t\t<div class='gallery-icon landscape'>\n\t\t\t\t<a href='https:\/\/cptafalla.educacion.navarra.es\/web\/2017\/11\/despedida-de-maribel-andueza\/_s5b6652\/'><img width=\"150\" height=\"150\" src=\"https:\/\/cptafalla.educacion.navarra.es\/web\/wp-content\/uploads\/2017\/11\/S5B6652-150x150.jpg\" class=\"attachment-thumbnail size-thumbnail\" alt=\"\" loading=\"lazy\" \/><\/a>\n\t\t\t<\/div><\/figure><figure class='gallery-item'>\n\t\t\t<div class='gallery-icon landscape'>\n\t\t\t\t<a href='https:\/\/cptafalla.educacion.navarra.es\/web\/2017\/11\/despedida-de-maribel-andueza\/_s5b6653\/'><img width=\"150\" height=\"150\" src=\"https:\/\/cptafalla.educacion.navarra.es\/web\/wp-content\/uploads\/2017\/11\/S5B6653-150x150.jpg\" class=\"attachment-thumbnail size-thumbnail\" alt=\"\" loading=\"lazy\" \/><\/a>\n\t\t\t<\/div><\/figure><figure class='gallery-item'>\n\t\t\t<div class='gallery-icon landscape'>\n\t\t\t\t<a href='https:\/\/cptafalla.educacion.navarra.es\/web\/2017\/11\/despedida-de-maribel-andueza\/_s5b6659\/'><img width=\"150\" height=\"150\" src=\"https:\/\/cptafalla.educacion.navarra.es\/web\/wp-content\/uploads\/2017\/11\/S5B6659-150x150.jpg\" class=\"attachment-thumbnail size-thumbnail\" alt=\"\" loading=\"lazy\" \/><\/a>\n\t\t\t<\/div><\/figure><figure class='gallery-item'>\n\t\t\t<div class='gallery-icon landscape'>\n\t\t\t\t<a href='https:\/\/cptafalla.educacion.navarra.es\/web\/2017\/11\/despedida-de-maribel-andueza\/_s5b6671\/'><img width=\"150\" height=\"150\" src=\"https:\/\/cptafalla.educacion.navarra.es\/web\/wp-content\/uploads\/2017\/11\/S5B6671-150x150.jpg\" class=\"attachment-thumbnail size-thumbnail\" alt=\"\" loading=\"lazy\" \/><\/a>\n\t\t\t<\/div><\/figure><figure class='gallery-item'>\n\t\t\t<div class='gallery-icon landscape'>\n\t\t\t\t<a href='https:\/\/cptafalla.educacion.navarra.es\/web\/2017\/11\/despedida-de-maribel-andueza\/dav-11\/'><img width=\"150\" height=\"150\" src=\"https:\/\/cptafalla.educacion.navarra.es\/web\/wp-content\/uploads\/2017\/11\/Santa_Agueda_2017-150x150.jpg\" class=\"attachment-thumbnail size-thumbnail\" alt=\"\" loading=\"lazy\" aria-describedby=\"gallery-1-2346\" \/><\/a>\n\t\t\t<\/div>\n\t\t\t\t<figcaption class='wp-caption-text gallery-caption' id='gallery-1-2346'>\n\t\t\t\tdav\n\t\t\t\t<\/figcaption><\/figure><figure class='gallery-item'>\n\t\t\t<div class='gallery-icon portrait'>\n\t\t\t\t<a href='https:\/\/cptafalla.educacion.navarra.es\/web\/2017\/11\/despedida-de-maribel-andueza\/dav-10\/'><img width=\"150\" height=\"150\" src=\"https:\/\/cptafalla.educacion.navarra.es\/web\/wp-content\/uploads\/2017\/11\/Maribel-150x150.jpg\" class=\"attachment-thumbnail size-thumbnail\" alt=\"\" loading=\"lazy\" aria-describedby=\"gallery-1-2345\" \/><\/a>\n\t\t\t<\/div>\n\t\t\t\t<figcaption class='wp-caption-text gallery-caption' id='gallery-1-2345'>\n\t\t\t\tdav\n\t\t\t\t<\/figcaption><\/figure><figure class='gallery-item'>\n\t\t\t<div class='gallery-icon landscape'>\n\t\t\t\t<a href='https:\/\/cptafalla.educacion.navarra.es\/web\/2017\/11\/despedida-de-maribel-andueza\/_s5b6783\/'><img width=\"150\" height=\"150\" src=\"https:\/\/cptafalla.educacion.navarra.es\/web\/wp-content\/uploads\/2017\/11\/S5B6783-150x150.jpg\" class=\"attachment-thumbnail size-thumbnail\" alt=\"\" loading=\"lazy\" \/><\/a>\n\t\t\t<\/div><\/figure><figure class='gallery-item'>\n\t\t\t<div class='gallery-icon landscape'>\n\t\t\t\t<a href='https:\/\/cptafalla.educacion.navarra.es\/web\/2017\/11\/despedida-de-maribel-andueza\/_s5b6790\/'><img width=\"150\" height=\"150\" src=\"https:\/\/cptafalla.educacion.navarra.es\/web\/wp-content\/uploads\/2017\/11\/S5B6790-150x150.jpg\" class=\"attachment-thumbnail size-thumbnail\" alt=\"\" loading=\"lazy\" \/><\/a>\n\t\t\t<\/div><\/figure>\n\t\t<\/div>\n\n","protected":false},"excerpt":{"rendered":"<p>El 31 de octubre fue el \u00faltimo d\u00eda de trabajo de nuestra compa\u00f1era Maribel Andueza, profesora, y defensora, de Euskera durante tantos y tantos a\u00f1os. La v\u00edspera, en Educaci\u00f3n Infantil le sorprendieron en el pasillo con una canci\u00f3n, dibujos, unas flores y besos, muchos besos. Y ya en su despedida, canciones y mensajes de cari\u00f1o &hellip; <a href=\"https:\/\/cptafalla.educacion.navarra.es\/web\/2017\/11\/despedida-de-maribel-andueza\/\" class=\"more-link\">Seguir leyendo <span class=\"screen-reader-text\">Despedida a<br \/>Maribel Andueza<\/span> <span class=\"meta-nav\">&rarr;<\/span><\/a><\/p>\n","protected":false},"author":1,"featured_media":0,"comment_status":"closed","ping_status":"open","sticky":false,"template":"","format":"standard","meta":[],"categories":[1],"tags":[],"_links":{"self":[{"href":"https:\/\/cptafalla.educacion.navarra.es\/web\/wp-json\/wp\/v2\/posts\/2337"}],"collection":[{"href":"https:\/\/cptafalla.educacion.navarra.es\/web\/wp-json\/wp\/v2\/posts"}],"about":[{"href":"https:\/\/cptafalla.educacion.navarra.es\/web\/wp-json\/wp\/v2\/types\/post"}],"author":[{"embeddable":true,"href":"https:\/\/cptafalla.educacion.navarra.es\/web\/wp-json\/wp\/v2\/users\/1"}],"replies":[{"embeddable":true,"href":"https:\/\/cptafalla.educacion.navarra.es\/web\/wp-json\/wp\/v2\/comments?post=2337"}],"version-history":[{"count":4,"href":"https:\/\/cptafalla.educacion.navarra.es\/web\/wp-json\/wp\/v2\/posts\/2337\/revisions"}],"predecessor-version":[{"id":2364,"href":"https:\/\/cptafalla.educacion.navarra.es\/web\/wp-json\/wp\/v2\/posts\/2337\/revisions\/2364"}],"wp:attachment":[{"href":"https:\/\/cptafalla.educacion.navarra.es\/web\/wp-json\/wp\/v2\/media?parent=2337"}],"wp:term":[{"taxonomy":"category","embeddable":true,"href":"https:\/\/cptafalla.educacion.navarra.es\/web\/wp-json\/wp\/v2\/categories?post=2337"},{"taxonomy":"post_tag","embeddable":true,"href":"https:\/\/cptafalla.educacion.navarra.es\/web\/wp-json\/wp\/v2\/tags?post=2337"}],"curies":[{"name":"wp","href":"https:\/\/api.w.org\/{rel}","templated":true}]}}