{"id":2167,"date":"2017-05-30T21:39:16","date_gmt":"2017-05-30T19:39:16","guid":{"rendered":"http:\/\/cptafalla.educacion.navarra.es\/web\/?p=2167"},"modified":"2017-05-30T21:39:16","modified_gmt":"2017-05-30T19:39:16","slug":"en-tafalla-educacion-publica-en-euskera","status":"publish","type":"post","link":"https:\/\/cptafalla.educacion.navarra.es\/web\/2017\/05\/en-tafalla-educacion-publica-en-euskera\/","title":{"rendered":"En Tafalla: Educaci\u00f3n p\u00fablica en euskera"},"content":{"rendered":"<p>\u00a1Y tambi\u00e9n salimos en las noticias de ETB!<br \/>\nAqu\u00ed el reportaje sobre el cambio de Tafalla a la Zona Mixta y, de lo que m\u00e1s nos importa, la oferta de la Escuela P\u00fablica para estudiar en Euskara: una oferta estabilizada, gratuita y de futuro.<\/p>\n<p><video controls=\"controls\" width=\"300\" height=\"150\"><source src=\"http:\/\/euskalpmdeushd-vh.akamaihd.net\/multimediahd\/videos\/2017\/05\/28\/2146404\/20170528_13580805_0010045684_004_001_GTT_ZONIFIKA.mp4\" type=\"video\/mp4\" \/><\/video><\/p>\n","protected":false},"excerpt":{"rendered":"<p>\u00a1Y tambi\u00e9n salimos en las noticias de ETB! Aqu\u00ed el reportaje sobre el cambio de Tafalla a la Zona Mixta y, de lo que m\u00e1s nos importa, la oferta de la Escuela P\u00fablica para estudiar en Euskara: una oferta estabilizada, gratuita y de futuro.<\/p>\n","protected":false},"author":1,"featured_media":0,"comment_status":"closed","ping_status":"open","sticky":false,"template":"","format":"standard","meta":[],"categories":[1],"tags":[],"_links":{"self":[{"href":"https:\/\/cptafalla.educacion.navarra.es\/web\/wp-json\/wp\/v2\/posts\/2167"}],"collection":[{"href":"https:\/\/cptafalla.educacion.navarra.es\/web\/wp-json\/wp\/v2\/posts"}],"about":[{"href":"https:\/\/cptafalla.educacion.navarra.es\/web\/wp-json\/wp\/v2\/types\/post"}],"author":[{"embeddable":true,"href":"https:\/\/cptafalla.educacion.navarra.es\/web\/wp-json\/wp\/v2\/users\/1"}],"replies":[{"embeddable":true,"href":"https:\/\/cptafalla.educacion.navarra.es\/web\/wp-json\/wp\/v2\/comments?post=2167"}],"version-history":[{"count":1,"href":"https:\/\/cptafalla.educacion.navarra.es\/web\/wp-json\/wp\/v2\/posts\/2167\/revisions"}],"predecessor-version":[{"id":2168,"href":"https:\/\/cptafalla.educacion.navarra.es\/web\/wp-json\/wp\/v2\/posts\/2167\/revisions\/2168"}],"wp:attachment":[{"href":"https:\/\/cptafalla.educacion.navarra.es\/web\/wp-json\/wp\/v2\/media?parent=2167"}],"wp:term":[{"taxonomy":"category","embeddable":true,"href":"https:\/\/cptafalla.educacion.navarra.es\/web\/wp-json\/wp\/v2\/categories?post=2167"},{"taxonomy":"post_tag","embeddable":true,"href":"https:\/\/cptafalla.educacion.navarra.es\/web\/wp-json\/wp\/v2\/tags?post=2167"}],"curies":[{"name":"wp","href":"https:\/\/api.w.org\/{rel}","templated":true}]}}