{"id":1954,"date":"2017-02-22T14:44:04","date_gmt":"2017-02-22T13:44:04","guid":{"rendered":"http:\/\/cptafalla.educacion.navarra.es\/web\/?p=1954"},"modified":"2017-02-22T14:44:50","modified_gmt":"2017-02-22T13:44:50","slug":"carnaval-2017","status":"publish","type":"post","link":"https:\/\/cptafalla.educacion.navarra.es\/web\/2017\/02\/carnaval-2017\/","title":{"rendered":"CARNAVAL 2017"},"content":{"rendered":"<p>Como llevamos comentando desde principio de curso,\u00a0a ra\u00edz del incendio de este verano en Tafalla, nuestro centro plante\u00f3 el hilo conductor de &#8220;Cuidemos el Medio Ambiente&#8221; en torno al cual se ha desarrollado todo un proyecto de innovaci\u00f3n, integrando a profesorado, alumnado, familias y otros agentes del entorno (Bomberos, Concejal\u00eda de Medio Ambiente, charla de Joaqu\u00edn Ara\u00fajo&#8230;).<\/p>\n<div><\/div>\n<div>Dentro de las actividades planteadas, el desfile de Carnaval de este a\u00f1o tambi\u00e9n est\u00e1 inmerso en el proyecto y dramatizaremos lo ocurrido en el verano: desde la recreaci\u00f3n de la situaci\u00f3n previa al inicio del fuego, su propagaci\u00f3n y las labores de extinci\u00f3n, terminando con un mensaje optimista pero tambi\u00e9n de compromiso.<\/div>\n<div>\u00a1Os esperamos!<\/div>\n<div><\/div>\n<div><a href=\"https:\/\/cptafalla.educacion.navarra.es\/web\/wp-content\/uploads\/2017\/02\/Folleto_Carnaval_2017.jpg\"><img loading=\"lazy\" class=\"alignnone size-full wp-image-1952\" src=\"https:\/\/cptafalla.educacion.navarra.es\/web\/wp-content\/uploads\/2017\/02\/Folleto_Carnaval_2017.jpg\" alt=\"\" width=\"842\" height=\"595\" srcset=\"https:\/\/cptafalla.educacion.navarra.es\/web\/wp-content\/uploads\/2017\/02\/Folleto_Carnaval_2017.jpg 842w, https:\/\/cptafalla.educacion.navarra.es\/web\/wp-content\/uploads\/2017\/02\/Folleto_Carnaval_2017-300x212.jpg 300w, https:\/\/cptafalla.educacion.navarra.es\/web\/wp-content\/uploads\/2017\/02\/Folleto_Carnaval_2017-768x543.jpg 768w\" sizes=\"(max-width: 842px) 100vw, 842px\" \/><\/a><\/div>\n<div><a href=\"https:\/\/cptafalla.educacion.navarra.es\/web\/wp-content\/uploads\/2017\/02\/Folleto_Carnaval_20172.jpg\"><img loading=\"lazy\" class=\"alignnone size-full wp-image-1953\" src=\"https:\/\/cptafalla.educacion.navarra.es\/web\/wp-content\/uploads\/2017\/02\/Folleto_Carnaval_20172.jpg\" alt=\"\" width=\"842\" height=\"595\" srcset=\"https:\/\/cptafalla.educacion.navarra.es\/web\/wp-content\/uploads\/2017\/02\/Folleto_Carnaval_20172.jpg 842w, https:\/\/cptafalla.educacion.navarra.es\/web\/wp-content\/uploads\/2017\/02\/Folleto_Carnaval_20172-300x212.jpg 300w, https:\/\/cptafalla.educacion.navarra.es\/web\/wp-content\/uploads\/2017\/02\/Folleto_Carnaval_20172-768x543.jpg 768w\" sizes=\"(max-width: 842px) 100vw, 842px\" \/><\/a><\/div>\n","protected":false},"excerpt":{"rendered":"<p>Como llevamos comentando desde principio de curso,\u00a0a ra\u00edz del incendio de este verano en Tafalla, nuestro centro plante\u00f3 el hilo conductor de &#8220;Cuidemos el Medio Ambiente&#8221; en torno al cual se ha desarrollado todo un proyecto de innovaci\u00f3n, integrando a profesorado, alumnado, familias y otros agentes del entorno (Bomberos, Concejal\u00eda de Medio Ambiente, charla de &hellip; <a href=\"https:\/\/cptafalla.educacion.navarra.es\/web\/2017\/02\/carnaval-2017\/\" class=\"more-link\">Seguir leyendo <span class=\"screen-reader-text\">CARNAVAL 2017<\/span> <span class=\"meta-nav\">&rarr;<\/span><\/a><\/p>\n","protected":false},"author":1,"featured_media":0,"comment_status":"closed","ping_status":"open","sticky":false,"template":"","format":"standard","meta":[],"categories":[1],"tags":[],"_links":{"self":[{"href":"https:\/\/cptafalla.educacion.navarra.es\/web\/wp-json\/wp\/v2\/posts\/1954"}],"collection":[{"href":"https:\/\/cptafalla.educacion.navarra.es\/web\/wp-json\/wp\/v2\/posts"}],"about":[{"href":"https:\/\/cptafalla.educacion.navarra.es\/web\/wp-json\/wp\/v2\/types\/post"}],"author":[{"embeddable":true,"href":"https:\/\/cptafalla.educacion.navarra.es\/web\/wp-json\/wp\/v2\/users\/1"}],"replies":[{"embeddable":true,"href":"https:\/\/cptafalla.educacion.navarra.es\/web\/wp-json\/wp\/v2\/comments?post=1954"}],"version-history":[{"count":2,"href":"https:\/\/cptafalla.educacion.navarra.es\/web\/wp-json\/wp\/v2\/posts\/1954\/revisions"}],"predecessor-version":[{"id":1956,"href":"https:\/\/cptafalla.educacion.navarra.es\/web\/wp-json\/wp\/v2\/posts\/1954\/revisions\/1956"}],"wp:attachment":[{"href":"https:\/\/cptafalla.educacion.navarra.es\/web\/wp-json\/wp\/v2\/media?parent=1954"}],"wp:term":[{"taxonomy":"category","embeddable":true,"href":"https:\/\/cptafalla.educacion.navarra.es\/web\/wp-json\/wp\/v2\/categories?post=1954"},{"taxonomy":"post_tag","embeddable":true,"href":"https:\/\/cptafalla.educacion.navarra.es\/web\/wp-json\/wp\/v2\/tags?post=1954"}],"curies":[{"name":"wp","href":"https:\/\/api.w.org\/{rel}","templated":true}]}}