{"id":1799,"date":"2016-10-25T09:35:24","date_gmt":"2016-10-25T07:35:24","guid":{"rendered":"http:\/\/cptafalla.educacion.navarra.es\/web\/?p=1799"},"modified":"2016-10-25T09:35:24","modified_gmt":"2016-10-25T07:35:24","slug":"la-encina-de-joaquin","status":"publish","type":"post","link":"https:\/\/cptafalla.educacion.navarra.es\/web\/2016\/10\/la-encina-de-joaquin\/","title":{"rendered":"LA ENCINA DE JOAQU\u00cdN"},"content":{"rendered":"<p>El regalo, y legado, de Joaqu\u00edn Ara\u00fajo a nuestro Colegio: ha sembrado una bellota de encina como recuerdo de su visita y para que el futuro \u00e1rbol ayude a la recuperaci\u00f3n del bosque incendiado.<\/p>\n<p><a href=\"https:\/\/cptafalla.educacion.navarra.es\/web\/wp-content\/uploads\/2016\/10\/Joaquin_CP_Tafalla_bellota_01.jpg\"><img loading=\"lazy\" class=\"alignnone size-large wp-image-1800\" src=\"https:\/\/cptafalla.educacion.navarra.es\/web\/wp-content\/uploads\/2016\/10\/Joaquin_CP_Tafalla_bellota_01-1024x683.jpg\" alt=\"joaquin_cp_tafalla_bellota_01\" width=\"474\" height=\"316\" srcset=\"https:\/\/cptafalla.educacion.navarra.es\/web\/wp-content\/uploads\/2016\/10\/Joaquin_CP_Tafalla_bellota_01.jpg 1024w, https:\/\/cptafalla.educacion.navarra.es\/web\/wp-content\/uploads\/2016\/10\/Joaquin_CP_Tafalla_bellota_01-300x200.jpg 300w, https:\/\/cptafalla.educacion.navarra.es\/web\/wp-content\/uploads\/2016\/10\/Joaquin_CP_Tafalla_bellota_01-768x512.jpg 768w\" sizes=\"(max-width: 474px) 100vw, 474px\" \/><\/a><\/p>\n<p><a href=\"https:\/\/cptafalla.educacion.navarra.es\/web\/wp-content\/uploads\/2016\/10\/Joaquin_CP_Tafalla_bellota_02.jpg\"><img loading=\"lazy\" class=\"alignnone size-large wp-image-1801\" src=\"https:\/\/cptafalla.educacion.navarra.es\/web\/wp-content\/uploads\/2016\/10\/Joaquin_CP_Tafalla_bellota_02-1024x683.jpg\" alt=\"joaquin_cp_tafalla_bellota_02\" width=\"474\" height=\"316\" srcset=\"https:\/\/cptafalla.educacion.navarra.es\/web\/wp-content\/uploads\/2016\/10\/Joaquin_CP_Tafalla_bellota_02.jpg 1024w, https:\/\/cptafalla.educacion.navarra.es\/web\/wp-content\/uploads\/2016\/10\/Joaquin_CP_Tafalla_bellota_02-300x200.jpg 300w, https:\/\/cptafalla.educacion.navarra.es\/web\/wp-content\/uploads\/2016\/10\/Joaquin_CP_Tafalla_bellota_02-768x512.jpg 768w\" sizes=\"(max-width: 474px) 100vw, 474px\" \/><\/a><\/p>\n<p><a href=\"https:\/\/cptafalla.educacion.navarra.es\/web\/wp-content\/uploads\/2016\/10\/Joaquin_CP_Tafalla_bellota_03.jpg\"><img loading=\"lazy\" class=\"alignnone size-large wp-image-1802\" src=\"https:\/\/cptafalla.educacion.navarra.es\/web\/wp-content\/uploads\/2016\/10\/Joaquin_CP_Tafalla_bellota_03-1024x683.jpg\" alt=\"joaquin_cp_tafalla_bellota_03\" width=\"474\" height=\"316\" srcset=\"https:\/\/cptafalla.educacion.navarra.es\/web\/wp-content\/uploads\/2016\/10\/Joaquin_CP_Tafalla_bellota_03.jpg 1024w, https:\/\/cptafalla.educacion.navarra.es\/web\/wp-content\/uploads\/2016\/10\/Joaquin_CP_Tafalla_bellota_03-300x200.jpg 300w, https:\/\/cptafalla.educacion.navarra.es\/web\/wp-content\/uploads\/2016\/10\/Joaquin_CP_Tafalla_bellota_03-768x512.jpg 768w\" sizes=\"(max-width: 474px) 100vw, 474px\" \/><\/a><\/p>\n","protected":false},"excerpt":{"rendered":"<p>El regalo, y legado, de Joaqu\u00edn Ara\u00fajo a nuestro Colegio: ha sembrado una bellota de encina como recuerdo de su visita y para que el futuro \u00e1rbol ayude a la recuperaci\u00f3n del bosque incendiado.<\/p>\n","protected":false},"author":1,"featured_media":0,"comment_status":"closed","ping_status":"open","sticky":false,"template":"","format":"standard","meta":[],"categories":[1],"tags":[],"_links":{"self":[{"href":"https:\/\/cptafalla.educacion.navarra.es\/web\/wp-json\/wp\/v2\/posts\/1799"}],"collection":[{"href":"https:\/\/cptafalla.educacion.navarra.es\/web\/wp-json\/wp\/v2\/posts"}],"about":[{"href":"https:\/\/cptafalla.educacion.navarra.es\/web\/wp-json\/wp\/v2\/types\/post"}],"author":[{"embeddable":true,"href":"https:\/\/cptafalla.educacion.navarra.es\/web\/wp-json\/wp\/v2\/users\/1"}],"replies":[{"embeddable":true,"href":"https:\/\/cptafalla.educacion.navarra.es\/web\/wp-json\/wp\/v2\/comments?post=1799"}],"version-history":[{"count":1,"href":"https:\/\/cptafalla.educacion.navarra.es\/web\/wp-json\/wp\/v2\/posts\/1799\/revisions"}],"predecessor-version":[{"id":1803,"href":"https:\/\/cptafalla.educacion.navarra.es\/web\/wp-json\/wp\/v2\/posts\/1799\/revisions\/1803"}],"wp:attachment":[{"href":"https:\/\/cptafalla.educacion.navarra.es\/web\/wp-json\/wp\/v2\/media?parent=1799"}],"wp:term":[{"taxonomy":"category","embeddable":true,"href":"https:\/\/cptafalla.educacion.navarra.es\/web\/wp-json\/wp\/v2\/categories?post=1799"},{"taxonomy":"post_tag","embeddable":true,"href":"https:\/\/cptafalla.educacion.navarra.es\/web\/wp-json\/wp\/v2\/tags?post=1799"}],"curies":[{"name":"wp","href":"https:\/\/api.w.org\/{rel}","templated":true}]}}