{"id":1738,"date":"2016-09-07T12:24:48","date_gmt":"2016-09-07T10:24:48","guid":{"rendered":"http:\/\/cptafalla.educacion.navarra.es\/web\/?p=1738"},"modified":"2016-09-09T13:30:16","modified_gmt":"2016-09-09T11:30:16","slug":"ongi-etorriwelcomeos-damos-la-bienvenida","status":"publish","type":"post","link":"https:\/\/cptafalla.educacion.navarra.es\/web\/2016\/09\/ongi-etorriwelcomeos-damos-la-bienvenida\/","title":{"rendered":"ONGI ETORRI<br>WELCOME<br>\u00a1OS DAMOS LA BIENVENIDA!"},"content":{"rendered":"<p>Primer d\u00eda del Curso 2016-17, un a\u00f1o que va a ser genial y que empezamos con todas las ganas e ilusi\u00f3n del mundo.<br \/>\nAqu\u00ed ten\u00e9is a parte del alumnado nuevo, nuestros txikis de Primero de Educaci\u00f3n Infantil (Modelo D\u00a0\u00a0y Modelo A\/G).<\/p>\n<p><img loading=\"lazy\" class=\"alignnone size-full wp-image-1740\" src=\"https:\/\/cptafalla.educacion.navarra.es\/web\/wp-content\/uploads\/2016\/09\/P_D.jpg\" alt=\"p_d\" width=\"2362\" height=\"1329\" srcset=\"https:\/\/cptafalla.educacion.navarra.es\/web\/wp-content\/uploads\/2016\/09\/P_D.jpg 2362w, https:\/\/cptafalla.educacion.navarra.es\/web\/wp-content\/uploads\/2016\/09\/P_D-300x169.jpg 300w, https:\/\/cptafalla.educacion.navarra.es\/web\/wp-content\/uploads\/2016\/09\/P_D-768x432.jpg 768w, https:\/\/cptafalla.educacion.navarra.es\/web\/wp-content\/uploads\/2016\/09\/P_D-1024x576.jpg 1024w\" sizes=\"(max-width: 2362px) 100vw, 2362px\" \/><\/p>\n<p><a href=\"https:\/\/cptafalla.educacion.navarra.es\/web\/wp-content\/uploads\/2016\/09\/P_A_G.jpg\"><img loading=\"lazy\" class=\"alignnone size-full wp-image-1739\" src=\"https:\/\/cptafalla.educacion.navarra.es\/web\/wp-content\/uploads\/2016\/09\/P_A_G.jpg\" alt=\"p_a_g\" width=\"1329\" height=\"2362\" srcset=\"https:\/\/cptafalla.educacion.navarra.es\/web\/wp-content\/uploads\/2016\/09\/P_A_G.jpg 1329w, https:\/\/cptafalla.educacion.navarra.es\/web\/wp-content\/uploads\/2016\/09\/P_A_G-169x300.jpg 169w, https:\/\/cptafalla.educacion.navarra.es\/web\/wp-content\/uploads\/2016\/09\/P_A_G-768x1365.jpg 768w, https:\/\/cptafalla.educacion.navarra.es\/web\/wp-content\/uploads\/2016\/09\/P_A_G-576x1024.jpg 576w\" sizes=\"(max-width: 1329px) 100vw, 1329px\" \/><\/a><\/p>\n","protected":false},"excerpt":{"rendered":"<p>Primer d\u00eda del Curso 2016-17, un a\u00f1o que va a ser genial y que empezamos con todas las ganas e ilusi\u00f3n del mundo. Aqu\u00ed ten\u00e9is a parte del alumnado nuevo, nuestros txikis de Primero de Educaci\u00f3n Infantil (Modelo D\u00a0\u00a0y Modelo A\/G).<\/p>\n","protected":false},"author":1,"featured_media":0,"comment_status":"closed","ping_status":"open","sticky":false,"template":"","format":"standard","meta":[],"categories":[1],"tags":[],"_links":{"self":[{"href":"https:\/\/cptafalla.educacion.navarra.es\/web\/wp-json\/wp\/v2\/posts\/1738"}],"collection":[{"href":"https:\/\/cptafalla.educacion.navarra.es\/web\/wp-json\/wp\/v2\/posts"}],"about":[{"href":"https:\/\/cptafalla.educacion.navarra.es\/web\/wp-json\/wp\/v2\/types\/post"}],"author":[{"embeddable":true,"href":"https:\/\/cptafalla.educacion.navarra.es\/web\/wp-json\/wp\/v2\/users\/1"}],"replies":[{"embeddable":true,"href":"https:\/\/cptafalla.educacion.navarra.es\/web\/wp-json\/wp\/v2\/comments?post=1738"}],"version-history":[{"count":2,"href":"https:\/\/cptafalla.educacion.navarra.es\/web\/wp-json\/wp\/v2\/posts\/1738\/revisions"}],"predecessor-version":[{"id":1742,"href":"https:\/\/cptafalla.educacion.navarra.es\/web\/wp-json\/wp\/v2\/posts\/1738\/revisions\/1742"}],"wp:attachment":[{"href":"https:\/\/cptafalla.educacion.navarra.es\/web\/wp-json\/wp\/v2\/media?parent=1738"}],"wp:term":[{"taxonomy":"category","embeddable":true,"href":"https:\/\/cptafalla.educacion.navarra.es\/web\/wp-json\/wp\/v2\/categories?post=1738"},{"taxonomy":"post_tag","embeddable":true,"href":"https:\/\/cptafalla.educacion.navarra.es\/web\/wp-json\/wp\/v2\/tags?post=1738"}],"curies":[{"name":"wp","href":"https:\/\/api.w.org\/{rel}","templated":true}]}}