{"id":1281,"date":"2015-12-23T23:49:21","date_gmt":"2015-12-23T22:49:21","guid":{"rendered":"http:\/\/cptafalla.educacion.navarra.es\/web\/?p=1281"},"modified":"2015-12-23T23:51:07","modified_gmt":"2015-12-23T22:51:07","slug":"proyecto-solidario-de-2o-de-infantil","status":"publish","type":"post","link":"https:\/\/cptafalla.educacion.navarra.es\/web\/2015\/12\/proyecto-solidario-de-2o-de-infantil\/","title":{"rendered":"UN PASO M\u00c1S EN EL PROYECTO SOLIDARIO DE 2\u00ba DE INFANTIL"},"content":{"rendered":"<p>Partiendo de un trabajo por proyectos -en concreto las vacaciones de verano, el mar, etc.- el trabajo ha crecido y se ha enriquecido hasta llegar a ser un Proyecto Solidario de conocimiento, reconocimiento y apoyo a la ONG Proactiva Open Arms (empezaron enviando una carta de apoyo y admiraci\u00f3n y acabaron con una Videoconfernecia a trav\u00e9s de Skype con \u00d3scar Camps y, por medio, todo el trabajo de un proyecto de estas caracter\u00edsticas incluyendo la movilizaci\u00f3n, concienciaci\u00f3n y recogida de apoyo econ\u00f3mico a trav\u00e9s de la venta de unos marcap\u00e1ginas hechos por los propios alumnas y alumnas.<\/p>\n<p><a href=\"https:\/\/cptafalla.educacion.navarra.es\/web\/wp-content\/uploads\/2015\/12\/IMG-20151223-WA0018.jpg\" rel=\"attachment wp-att-1285\"><img loading=\"lazy\" class=\"alignnone size-large wp-image-1285\" src=\"https:\/\/cptafalla.educacion.navarra.es\/web\/wp-content\/uploads\/2015\/12\/IMG-20151223-WA0018-768x1024.jpg\" alt=\"IMG-20151223-WA0018\" width=\"474\" height=\"632\" srcset=\"https:\/\/cptafalla.educacion.navarra.es\/web\/wp-content\/uploads\/2015\/12\/IMG-20151223-WA0018-768x1024.jpg 768w, https:\/\/cptafalla.educacion.navarra.es\/web\/wp-content\/uploads\/2015\/12\/IMG-20151223-WA0018-225x300.jpg 225w, https:\/\/cptafalla.educacion.navarra.es\/web\/wp-content\/uploads\/2015\/12\/IMG-20151223-WA0018.jpg 1200w\" sizes=\"(max-width: 474px) 100vw, 474px\" \/><\/a><\/p>\n<p><a href=\"https:\/\/cptafalla.educacion.navarra.es\/web\/wp-content\/uploads\/2015\/12\/Proyecto_CP_Tafalla_02.jpg\" rel=\"attachment wp-att-1284\"><img loading=\"lazy\" class=\"alignnone size-large wp-image-1284\" src=\"https:\/\/cptafalla.educacion.navarra.es\/web\/wp-content\/uploads\/2015\/12\/Proyecto_CP_Tafalla_02-1024x683.jpg\" alt=\"Proyecto_CP_Tafalla_02\" width=\"474\" height=\"316\" srcset=\"https:\/\/cptafalla.educacion.navarra.es\/web\/wp-content\/uploads\/2015\/12\/Proyecto_CP_Tafalla_02-1024x683.jpg 1024w, https:\/\/cptafalla.educacion.navarra.es\/web\/wp-content\/uploads\/2015\/12\/Proyecto_CP_Tafalla_02-300x200.jpg 300w, https:\/\/cptafalla.educacion.navarra.es\/web\/wp-content\/uploads\/2015\/12\/Proyecto_CP_Tafalla_02-768x512.jpg 768w\" sizes=\"(max-width: 474px) 100vw, 474px\" \/><\/a><\/p>\n<p><a href=\"https:\/\/cptafalla.educacion.navarra.es\/web\/wp-content\/uploads\/2015\/12\/Proyecto_CP_Tafalla_01.jpg\" rel=\"attachment wp-att-1283\"><img loading=\"lazy\" class=\"alignnone size-large wp-image-1283\" src=\"https:\/\/cptafalla.educacion.navarra.es\/web\/wp-content\/uploads\/2015\/12\/Proyecto_CP_Tafalla_01-1024x683.jpg\" alt=\"Proyecto_CP_Tafalla_01\" width=\"474\" height=\"316\" srcset=\"https:\/\/cptafalla.educacion.navarra.es\/web\/wp-content\/uploads\/2015\/12\/Proyecto_CP_Tafalla_01-1024x683.jpg 1024w, https:\/\/cptafalla.educacion.navarra.es\/web\/wp-content\/uploads\/2015\/12\/Proyecto_CP_Tafalla_01-300x200.jpg 300w, https:\/\/cptafalla.educacion.navarra.es\/web\/wp-content\/uploads\/2015\/12\/Proyecto_CP_Tafalla_01-768x512.jpg 768w\" sizes=\"(max-width: 474px) 100vw, 474px\" \/><\/a><\/p>\n<p><a href=\"https:\/\/cptafalla.educacion.navarra.es\/web\/wp-content\/uploads\/2015\/12\/PROYECTO-SOLIDARIO_CP_Tafalla.pdf\" target=\"_blank\" rel=\"\">Resumen del PROYECTO SOLIDARIO<\/a><\/p>\n<p>&nbsp;<\/p>\n","protected":false},"excerpt":{"rendered":"<p>Partiendo de un trabajo por proyectos -en concreto las vacaciones de verano, el mar, etc.- el trabajo ha crecido y se ha enriquecido hasta llegar a ser un Proyecto Solidario de conocimiento, reconocimiento y apoyo a la ONG Proactiva Open Arms (empezaron enviando una carta de apoyo y admiraci\u00f3n y acabaron con una Videoconfernecia a &hellip; <a href=\"https:\/\/cptafalla.educacion.navarra.es\/web\/2015\/12\/proyecto-solidario-de-2o-de-infantil\/\" class=\"more-link\">Seguir leyendo <span class=\"screen-reader-text\">UN PASO M\u00c1S EN EL PROYECTO SOLIDARIO DE 2\u00ba DE INFANTIL<\/span> <span class=\"meta-nav\">&rarr;<\/span><\/a><\/p>\n","protected":false},"author":1,"featured_media":0,"comment_status":"closed","ping_status":"open","sticky":false,"template":"","format":"standard","meta":[],"categories":[1],"tags":[],"_links":{"self":[{"href":"https:\/\/cptafalla.educacion.navarra.es\/web\/wp-json\/wp\/v2\/posts\/1281"}],"collection":[{"href":"https:\/\/cptafalla.educacion.navarra.es\/web\/wp-json\/wp\/v2\/posts"}],"about":[{"href":"https:\/\/cptafalla.educacion.navarra.es\/web\/wp-json\/wp\/v2\/types\/post"}],"author":[{"embeddable":true,"href":"https:\/\/cptafalla.educacion.navarra.es\/web\/wp-json\/wp\/v2\/users\/1"}],"replies":[{"embeddable":true,"href":"https:\/\/cptafalla.educacion.navarra.es\/web\/wp-json\/wp\/v2\/comments?post=1281"}],"version-history":[{"count":4,"href":"https:\/\/cptafalla.educacion.navarra.es\/web\/wp-json\/wp\/v2\/posts\/1281\/revisions"}],"predecessor-version":[{"id":1289,"href":"https:\/\/cptafalla.educacion.navarra.es\/web\/wp-json\/wp\/v2\/posts\/1281\/revisions\/1289"}],"wp:attachment":[{"href":"https:\/\/cptafalla.educacion.navarra.es\/web\/wp-json\/wp\/v2\/media?parent=1281"}],"wp:term":[{"taxonomy":"category","embeddable":true,"href":"https:\/\/cptafalla.educacion.navarra.es\/web\/wp-json\/wp\/v2\/categories?post=1281"},{"taxonomy":"post_tag","embeddable":true,"href":"https:\/\/cptafalla.educacion.navarra.es\/web\/wp-json\/wp\/v2\/tags?post=1281"}],"curies":[{"name":"wp","href":"https:\/\/api.w.org\/{rel}","templated":true}]}}