{"id":10581,"date":"2026-04-24T13:36:55","date_gmt":"2026-04-24T11:36:55","guid":{"rendered":"https:\/\/cptafalla.educacion.navarra.es\/web\/?p=10581"},"modified":"2026-04-24T13:36:55","modified_gmt":"2026-04-24T11:36:55","slug":"dia-del-libro-2026-liburuaren-eguna","status":"publish","type":"post","link":"https:\/\/cptafalla.educacion.navarra.es\/web\/2026\/04\/dia-del-libro-2026-liburuaren-eguna\/","title":{"rendered":"D\u00cdA DEL LIBRO 2026 LIBURUAREN EGUNA"},"content":{"rendered":"\n<p class=\"isSelectedEnd\">Ayer 23 de abril,\u00a0 celebramos en el colegio el D\u00eda del Libro con una jornada llena de actividades, ilusi\u00f3n y amor por la lectura.<\/p>\n<p class=\"isSelectedEnd\">A primera hora de la ma\u00f1ana, el alumnado de 6\u00ba de todos los modelos visit\u00f3 las distintas aulas para compartir cuentos, chistes y adivinanzas con sus compa\u00f1eros y compa\u00f1eras m\u00e1s peque\u00f1os. Fue un momento muy especial, en el que los mayores se convirtieron en narradores y lograron captar la atenci\u00f3n y las sonrisas de todo el alumnado.<\/p>\n<p class=\"isSelectedEnd\">Despu\u00e9s del recreo, la jornada continu\u00f3 con nuevas propuestas. El profesorado del Modelo D prepar\u00f3 una divertida representaci\u00f3n teatral para su alumnado, que disfrut\u00f3 mucho de la actuaci\u00f3n. Por otra parte, Bego\u00f1a, profesora de m\u00fasica, junto con Luis, antiguo compa\u00f1ero del centro, ofrecieron una actuaci\u00f3n para el alumnado de los Modelos A y G, creando un ambiente lleno de\u00a0 entusiasmo.<\/p>\n<p class=\"isSelectedEnd\">Para finalizar, todo el colegio se reuni\u00f3 en el patio, donde compartimos un bonito momento de lectura al aire libre. Alumnado y profesorado leyeron libros y contaron historias, fomentando el gusto por la lectura en un ambiente relajado y participativo.<\/p>\n<p>Sin duda, fue una ma\u00f1ana estupenda en la que los libros, la creatividad y la convivencia fueron los grandes protagonistas.<\/p>\n<p>Atzo, apirilaren 23an, Liburuaren Eguna ospatu genuen ikastetxean, jardueraz, ilusioz eta irakurzaletasunez beteriko egunarekin.<br \/><br \/>Goizeko lehen orduan, modelo guztietako 6. mailako ikasleek ikasgelak bisitatu zituzten, beren ikaskide txikienekin ipuinak, txisteak eta asmakizunak partekatzeko. Oso une berezia izan zen, helduak kontalari bihurtu ziren eta ikasle guztien arreta eta irribarreak bereganatzea lortu zuten.<br \/><br \/>Jolasaldiaren ondoren, proposamen berriekin jarraitu zen jardunaldia. D ereduko irakasleek antzezpen dibertigarri bat prestatu zuten ikasleentzat, eta asko gozatu zuten emanaldiaz. Bestalde, Bego\u00f1ak, musika irakasleak, eta Luisek, ikastetxeko ikaskide ohiak, A eta G ereduetako ikasleentzako emanaldia eskaini zuten, gogo biziz beteriko giroa sortuz.<br \/><br \/>Amaitzeko, ikastetxe osoa patioan bildu zen, eta bertan, aire zabaleko irakurketa une polit bat partekatu genuen. Ikasleek eta irakasleek liburuak irakurri eta istorioak kontatu zituzten, irakurzaletasuna sustatuz giro lasaian eta parte-hartzailean.<br \/><br \/>Zalantzarik gabe, goiz bikaina izan zen, eta liburuak, sormena eta bizikidetza izan ziren protagonista nagusiak.<\/p>\n<p>\u00a0<\/p>\n\n\n\n<figure class=\"wp-block-embed is-type-video is-provider-youtube wp-block-embed-youtube wp-embed-aspect-16-9 wp-has-aspect-ratio\"><div class=\"wp-block-embed__wrapper\">\n<iframe loading=\"lazy\" title=\"Liburuaren eguna 2026 D\u00eda del libro\" width=\"474\" height=\"267\" src=\"https:\/\/www.youtube.com\/embed\/hgQEmMcLuMk?feature=oembed\" frameborder=\"0\" allow=\"accelerometer; autoplay; clipboard-write; encrypted-media; gyroscope; picture-in-picture; web-share\" referrerpolicy=\"strict-origin-when-cross-origin\" allowfullscreen><\/iframe>\n<\/div><\/figure>\n","protected":false},"excerpt":{"rendered":"<p>Ayer 23 de abril,\u00a0 celebramos en el colegio el D\u00eda del Libro con una jornada llena de actividades, ilusi\u00f3n y amor por la lectura. A primera hora de la ma\u00f1ana, el alumnado de 6\u00ba de todos los modelos visit\u00f3 las distintas aulas para compartir cuentos, chistes y adivinanzas con sus compa\u00f1eros y compa\u00f1eras m\u00e1s peque\u00f1os. &hellip; <a href=\"https:\/\/cptafalla.educacion.navarra.es\/web\/2026\/04\/dia-del-libro-2026-liburuaren-eguna\/\" class=\"more-link\">Seguir leyendo <span class=\"screen-reader-text\">D\u00cdA DEL LIBRO 2026 LIBURUAREN EGUNA<\/span> <span class=\"meta-nav\">&rarr;<\/span><\/a><\/p>\n","protected":false},"author":1,"featured_media":0,"comment_status":"closed","ping_status":"open","sticky":false,"template":"","format":"standard","meta":[],"categories":[1],"tags":[],"_links":{"self":[{"href":"https:\/\/cptafalla.educacion.navarra.es\/web\/wp-json\/wp\/v2\/posts\/10581"}],"collection":[{"href":"https:\/\/cptafalla.educacion.navarra.es\/web\/wp-json\/wp\/v2\/posts"}],"about":[{"href":"https:\/\/cptafalla.educacion.navarra.es\/web\/wp-json\/wp\/v2\/types\/post"}],"author":[{"embeddable":true,"href":"https:\/\/cptafalla.educacion.navarra.es\/web\/wp-json\/wp\/v2\/users\/1"}],"replies":[{"embeddable":true,"href":"https:\/\/cptafalla.educacion.navarra.es\/web\/wp-json\/wp\/v2\/comments?post=10581"}],"version-history":[{"count":1,"href":"https:\/\/cptafalla.educacion.navarra.es\/web\/wp-json\/wp\/v2\/posts\/10581\/revisions"}],"predecessor-version":[{"id":10582,"href":"https:\/\/cptafalla.educacion.navarra.es\/web\/wp-json\/wp\/v2\/posts\/10581\/revisions\/10582"}],"wp:attachment":[{"href":"https:\/\/cptafalla.educacion.navarra.es\/web\/wp-json\/wp\/v2\/media?parent=10581"}],"wp:term":[{"taxonomy":"category","embeddable":true,"href":"https:\/\/cptafalla.educacion.navarra.es\/web\/wp-json\/wp\/v2\/categories?post=10581"},{"taxonomy":"post_tag","embeddable":true,"href":"https:\/\/cptafalla.educacion.navarra.es\/web\/wp-json\/wp\/v2\/tags?post=10581"}],"curies":[{"name":"wp","href":"https:\/\/api.w.org\/{rel}","templated":true}]}}