{"id":10509,"date":"2026-04-01T09:10:59","date_gmt":"2026-04-01T07:10:59","guid":{"rendered":"https:\/\/cptafalla.educacion.navarra.es\/web\/?p=10509"},"modified":"2026-04-01T09:10:59","modified_gmt":"2026-04-01T07:10:59","slug":"ii-udaberriko-jardunaldia-2026","status":"publish","type":"post","link":"https:\/\/cptafalla.educacion.navarra.es\/web\/2026\/04\/ii-udaberriko-jardunaldia-2026\/","title":{"rendered":"II.UDABERRIKO JARDUNALDIA 2026"},"content":{"rendered":"\n<p><span style=\"font-weight: 400;\">En el marco del Proyecto PANACO, el pasado 29 de marzo se celebr\u00f3 la II Jornada de Primavera 2026 en el Colegio P\u00fablico de Tafalla, con la participaci\u00f3n de m\u00e1s de 150 personas de la comunidad educativa. El objetivo fue seguir transformando el patio escolar en un refugio clim\u00e1tico que mitigue la isla de calor y fomente la convivencia, el aprendizaje al aire libre y el uso comunitario del espacio.<\/span><\/p>\n<p><span style=\"font-weight: 400;\">Durante la jornada se realizaron labores de mantenimiento y mejora de intervenciones previas, como los hoteles de insectos y el oasis de mariposas, y se avanz\u00f3 en nuevos proyectos educativos impulsados desde el centro.<\/span><\/p>\n<p><span style=\"font-weight: 400;\">En Infantil, se completaron espacios como el arenero, un sendero sensorial y zonas de experimentaci\u00f3n con materiales naturales. En Primaria, se plantaron \u00e1rboles, se se\u00f1alizaron especies, y se crearon espacios de experimentaci\u00f3n y materiales para el uso del alumnado.<\/span><\/p>\n<p><span style=\"font-weight: 400;\">Adem\u00e1s, se llevaron a cabo talleres art\u00edsticos que dieron lugar a una instalaci\u00f3n inmersiva en la pajarera del centro.<\/span><\/p>\n<p><span style=\"font-weight: 400;\">La jornada fue posible gracias a la implicaci\u00f3n de familias y profesorado, as\u00ed como a fondos de la APYMA y donaciones. Este proyecto refleja el compromiso de la comunidad educativa por crear un espacio p\u00fablico inclusivo, sostenible y adaptado a las necesidades actuales del alumnado.<\/span><\/p>\n<p><i><span style=\"font-weight: 400;\">PANACO Proiektuaren baitan, joan den martxoaren 29an 2026ko Udaberriaren II. Jardunaldia ospatu zen Tafallako Ikastetxe Publikoan, hezkuntza komunitateko 150 pertsona baino gehiagoren parte-hartzearekin. Helburua izan zen eskolako jolastokia bero-uhartea arinduko duen eta bizikidetza, aire zabaleko ikaskuntza eta espazioaren erabilera komunitarioa sustatuko dituen babesleku klimatiko bihurtzen jarraitzea.<\/span><\/i><\/p>\n<p><i><span style=\"font-weight: 400;\">Jardunaldian, aurretiko esku-hartzeak mantentzeko eta hobetzeko lanak egin ziren, hala nola intsektuen hotelak eta tximeleten oasia, eta ikastetxeak bultzatutako hezkuntza-proiektu berrietan aurrera egin zen.<\/span><\/i><\/p>\n<p><i><span style=\"font-weight: 400;\">Haur Hezkuntzan, besteak beste, hareatza, bidezidor sentsoriala eta esperimentazio-eremuak osatu ziren material naturalekin. Lehen Hezkuntzan, zuhaitzak landatu ziren, espezieak seinaleztatu ziren, eta esperimentaziorako espazioak eta ikasleek erabiltzeko materialak sortu ziren.<\/span><\/i><\/p>\n<p><i><span style=\"font-weight: 400;\">Gainera, tailer artistikoak egin ziren, eta zentroko txoritegian murgiltzeko instalazio bat sortu zen.<\/span><\/i><\/p>\n<p><i><span style=\"font-weight: 400;\">Jardunaldia posible izan zen familien eta irakasleen inplikazioari esker, bai eta guraso elkartearen funtsei eta dohaintzei esker ere. Proiektu honek hezkuntza-komunitateak espazio publiko inklusiboa, iraunkorra eta ikasleen egungo beharretara egokitua sortzeko duen konpromisoa islatzen du.<\/span><\/i><\/p>\n<p>\u00a0<\/p>\n<p>\u00a0<\/p>\n\n\n\n<figure class=\"wp-block-embed is-type-video is-provider-youtube wp-block-embed-youtube wp-embed-aspect-16-9 wp-has-aspect-ratio\"><div class=\"wp-block-embed__wrapper\">\n<iframe loading=\"lazy\" title=\"II Jornada Primavera Udaberriko Jardunaldia\" width=\"474\" height=\"267\" src=\"https:\/\/www.youtube.com\/embed\/ctyELHgwYSw?feature=oembed\" frameborder=\"0\" allow=\"accelerometer; autoplay; clipboard-write; encrypted-media; gyroscope; picture-in-picture; web-share\" referrerpolicy=\"strict-origin-when-cross-origin\" allowfullscreen><\/iframe>\n<\/div><\/figure>\n","protected":false},"excerpt":{"rendered":"<p>En el marco del Proyecto PANACO, el pasado 29 de marzo se celebr\u00f3 la II Jornada de Primavera 2026 en el Colegio P\u00fablico de Tafalla, con la participaci\u00f3n de m\u00e1s de 150 personas de la comunidad educativa. El objetivo fue seguir transformando el patio escolar en un refugio clim\u00e1tico que mitigue la isla de calor &hellip; <a href=\"https:\/\/cptafalla.educacion.navarra.es\/web\/2026\/04\/ii-udaberriko-jardunaldia-2026\/\" class=\"more-link\">Seguir leyendo <span class=\"screen-reader-text\">II.UDABERRIKO JARDUNALDIA 2026<\/span> <span class=\"meta-nav\">&rarr;<\/span><\/a><\/p>\n","protected":false},"author":1,"featured_media":0,"comment_status":"closed","ping_status":"open","sticky":false,"template":"","format":"standard","meta":[],"categories":[1],"tags":[],"_links":{"self":[{"href":"https:\/\/cptafalla.educacion.navarra.es\/web\/wp-json\/wp\/v2\/posts\/10509"}],"collection":[{"href":"https:\/\/cptafalla.educacion.navarra.es\/web\/wp-json\/wp\/v2\/posts"}],"about":[{"href":"https:\/\/cptafalla.educacion.navarra.es\/web\/wp-json\/wp\/v2\/types\/post"}],"author":[{"embeddable":true,"href":"https:\/\/cptafalla.educacion.navarra.es\/web\/wp-json\/wp\/v2\/users\/1"}],"replies":[{"embeddable":true,"href":"https:\/\/cptafalla.educacion.navarra.es\/web\/wp-json\/wp\/v2\/comments?post=10509"}],"version-history":[{"count":1,"href":"https:\/\/cptafalla.educacion.navarra.es\/web\/wp-json\/wp\/v2\/posts\/10509\/revisions"}],"predecessor-version":[{"id":10510,"href":"https:\/\/cptafalla.educacion.navarra.es\/web\/wp-json\/wp\/v2\/posts\/10509\/revisions\/10510"}],"wp:attachment":[{"href":"https:\/\/cptafalla.educacion.navarra.es\/web\/wp-json\/wp\/v2\/media?parent=10509"}],"wp:term":[{"taxonomy":"category","embeddable":true,"href":"https:\/\/cptafalla.educacion.navarra.es\/web\/wp-json\/wp\/v2\/categories?post=10509"},{"taxonomy":"post_tag","embeddable":true,"href":"https:\/\/cptafalla.educacion.navarra.es\/web\/wp-json\/wp\/v2\/tags?post=10509"}],"curies":[{"name":"wp","href":"https:\/\/api.w.org\/{rel}","templated":true}]}}